{"id":119975,"date":"2020-06-23T06:00:00","date_gmt":"2020-06-23T11:00:00","guid":{"rendered":"https:\/\/plazajuarez.mx\/?p=119975"},"modified":"2020-06-22T21:08:15","modified_gmt":"2020-06-23T02:08:15","slug":"la-policia-turca-agredio-a-abogados","status":"publish","type":"post","link":"https:\/\/plazajuarez.mx\/historico\/la-policia-turca-agredio-a-abogados\/","title":{"rendered":"La Polic\u00eda turca agredi\u00f3 a abogados"},"content":{"rendered":"\n<ul class=\"wp-block-list\"><li><strong>Los denunciantes dijeron que atacaron su independencia<\/strong><\/li><\/ul>\n\n\n\n<!--more-->\n\n\n\n<p>EFE.- La Polic\u00eda turca bloque\u00f3 la marcha con la que un centenar de abogados de toda Turqu\u00eda protestaban en Ankara contra una reforma legal planeada por el Gobierno que, critican los letrados, podr\u00eda socavar su independencia.<\/p>\n\n\n\n<p>Los agentes antidisturbios agredieron a algunos juristas e impidieron a manifestantes entre los que se contaban los presidentes de 56 de los 80 colegios provinciales de abogados, avanzar hacia el centro de la ciudad.<\/p>\n\n\n\n<p>Los togados protestan contra una reforma legal que prev\u00e9 otorgar al Gobierno mayor control en la elecci\u00f3n del presidente de los colegios de abogados, adem\u00e1s de permitir el establecimiento de m\u00e1s de un Colegio Profesional por provincia, explic\u00f3 la jurista turca H\u00fcrrem S\u00f6nmez.<\/p>\n","protected":false},"excerpt":{"rendered":"<p>Los denunciantes dijeron que atacaron su independencia<\/p>\n","protected":false},"author":80,"featured_media":0,"comment_status":"closed","ping_status":"open","sticky":false,"template":"","format":"standard","meta":{"footnotes":""},"categories":[31],"tags":[],"class_list":["post-119975","post","type-post","status-publish","format-standard","hentry","category-orbe"],"_links":{"self":[{"href":"https:\/\/plazajuarez.mx\/historico\/wp-json\/wp\/v2\/posts\/119975","targetHints":{"allow":["GET"]}}],"collection":[{"href":"https:\/\/plazajuarez.mx\/historico\/wp-json\/wp\/v2\/posts"}],"about":[{"href":"https:\/\/plazajuarez.mx\/historico\/wp-json\/wp\/v2\/types\/post"}],"author":[{"embeddable":true,"href":"https:\/\/plazajuarez.mx\/historico\/wp-json\/wp\/v2\/users\/80"}],"replies":[{"embeddable":true,"href":"https:\/\/plazajuarez.mx\/historico\/wp-json\/wp\/v2\/comments?post=119975"}],"version-history":[{"count":0,"href":"https:\/\/plazajuarez.mx\/historico\/wp-json\/wp\/v2\/posts\/119975\/revisions"}],"wp:attachment":[{"href":"https:\/\/plazajuarez.mx\/historico\/wp-json\/wp\/v2\/media?parent=119975"}],"wp:term":[{"taxonomy":"category","embeddable":true,"href":"https:\/\/plazajuarez.mx\/historico\/wp-json\/wp\/v2\/categories?post=119975"},{"taxonomy":"post_tag","embeddable":true,"href":"https:\/\/plazajuarez.mx\/historico\/wp-json\/wp\/v2\/tags?post=119975"}],"curies":[{"name":"wp","href":"https:\/\/api.w.org\/{rel}","templated":true}]}}