{"id":11997,"date":"2015-10-12T15:26:55","date_gmt":"2015-10-12T15:26:55","guid":{"rendered":"http:\/\/plazajuarez.mx\/index\/index.php\/2015\/10\/12\/dese-por-enterado-106\/"},"modified":"2020-04-14T19:09:26","modified_gmt":"2020-04-14T19:09:26","slug":"dese-por-enterado-106","status":"publish","type":"post","link":"https:\/\/plazajuarez.mx\/historico\/dese-por-enterado-106\/","title":{"rendered":"DESE POR ENTERADO"},"content":{"rendered":"<p><strong>\u00a1SANOS CUMPLEA\u00d1OS <\/strong><\/p>\n<p><strong>SE\u00d1OR CON CARNES!<\/strong><\/p>\n<p>  <!--more-->  <\/p>\n<p>\u00a0<\/p>\n<p>Francisco Javier Vargas Pacheco, conocido como \u201cEl Carnes\u201d, decidi\u00f3 competirle al actual secretario de Turismo, Roberto Pedraza, en eso de organizarse fiestas grillas de cumplea\u00f1os. Y sin duda logr\u00f3 su cometido, porque la cantidad de personas que reuni\u00f3 en un conocido sal\u00f3n de Mineral de la Reforma, fue tanta que de plano ya muchos le saludaron como \u201cse\u00f1or candidato\u201d. Y es que Francisco Vargas busca ser el abanderado tricolor a la alcald\u00eda del municipio citado. Algunos lo ven con malos ojos por el pasado que lo persigue a todos lados, pero en t\u00e9rminos reales el popular \u201cCarnes\u201d, ha logrado convertirse en una pieza clave para la renovaci\u00f3n de poderes en el ayuntamiento minarelense. Ha trabajado durante los \u00faltimos a\u00f1os y bien. No son pocos los que de plano no le perdonan su pasado feuhista, pero ha trabajado por hacer de su trayectoria pol\u00edtica algo positivo. Por lo mientras ya levant\u00f3 la mano en tama\u00f1o fiest\u00f3n que se organiz\u00f3.<\/p>\n<p>\u00a0<\/p>\n<p>\u00a0\u00a0\u00a0\u00a0\u00a0\u00a0\u00a0\u00a0\u00a0\u00a0\u00a0\u00a0\u00a0\u00a0\u00a0\u00a0\u00a0\u00a0\u00a0\u00a0\u00a0\u00a0\u00a0\u00a0\u00a0\u00a0\u00a0\u00a0\u00a0\u00a0\u00a0\u00a0\u00a0\u00a0\u00a0\u00a0\u00a0\u00a0\u00a0\u00a0\u00a0\u00a0\u00a0\u00a0\u00a0\u00a0\u00a0\u00a0\u00a0\u00a0\u00a0\u00a0\u00a0\u00a0\u00a0\u00a0\u00a0\u00a0 ***<\/p>\n<p>\u00a0<\/p>\n<p><strong>LIMA MORALES <\/strong><\/p>\n<p><strong>VA EN SERIO POR PACHUCA<\/strong><\/p>\n<p>\u00a0<\/p>\n<p>Jos\u00e9 Luis Lima Morales, todav\u00eda delegado de la Corett en el estado, no termin\u00f3 de manifestar que s\u00ed estaba interesado en ser candidato pri\u00edsta por Pachuca, que arranc\u00f3 visitas por todos los barrios pachuque\u00f1os. Es decir que no es ninguna ocurrencia, porque trat\u00e1ndose de un pol\u00edtico de su trayectoria, no da paso sin antes consultar con quien debe consultar, y por supuesto que le dijeron que yes. De tal modo que ser\u00e1 preciso que lo tenga usted en la lista como uno de los m\u00e1s viables para suceder al ingeniero Eleazar Garc\u00eda S\u00e1nchez.<\/p>\n<p>\u00a0<\/p>\n<p>\u00a0\u00a0\u00a0\u00a0\u00a0\u00a0\u00a0\u00a0\u00a0\u00a0\u00a0\u00a0\u00a0\u00a0\u00a0\u00a0\u00a0\u00a0\u00a0\u00a0\u00a0\u00a0\u00a0\u00a0\u00a0\u00a0\u00a0\u00a0\u00a0\u00a0\u00a0\u00a0\u00a0\u00a0\u00a0\u00a0\u00a0\u00a0\u00a0\u00a0\u00a0\u00a0\u00a0\u00a0\u00a0\u00a0\u00a0\u00a0\u00a0\u00a0\u00a0\u00a0\u00a0\u00a0\u00a0\u00a0\u00a0\u00a0 ***<\/p>\n<p>\u00a0<\/p>\n<p><strong>YA QUE HABLAMOS DE <\/strong><\/p>\n<p><strong>ELEAZAR GARC\u00cdA<\/strong><\/p>\n<p>\u00a0<\/p>\n<p>Muchos ya lo dieron por difunto en la sucesi\u00f3n gubernamental. Perm\u00edtome informarles que se equivocan, que esa m\u00e1s vivo que usted y el que escribe. Porque resulta que con todo y la guerra de baja, mediana y alta intensidad que desat\u00f3 sobre su humanidad el mandam\u00e1s del Grupo Universidad, nom\u00e1s no lo dejaron en la lona y si hemos de ser un poco inteligentes, deber\u00e1 ser incluido en la lista de aspirantes a la nominaci\u00f3n del tricolor. Y le anoto que con muchas posibilidades. No le quite el ojo. Va en serio el asunto.<\/p>\n<p>\u00a0<\/p>\n<p>\u00a0\u00a0\u00a0\u00a0\u00a0\u00a0\u00a0\u00a0\u00a0\u00a0\u00a0\u00a0\u00a0\u00a0\u00a0\u00a0\u00a0\u00a0\u00a0\u00a0\u00a0\u00a0\u00a0\u00a0\u00a0\u00a0\u00a0\u00a0\u00a0\u00a0\u00a0\u00a0\u00a0\u00a0\u00a0\u00a0\u00a0\u00a0\u00a0\u00a0\u00a0\u00a0\u00a0\u00a0\u00a0\u00a0\u00a0\u00a0\u00a0\u00a0\u00a0\u00a0\u00a0\u00a0\u00a0\u00a0\u00a0\u00a0 ***<\/p>\n<p>\u00a0<\/p>\n<p><strong>EN HUEJUTLA, OTRA VEZ<\/strong><\/p>\n<p><strong>LOS MISMOS, LOS DE SIEMPRE<\/strong><\/p>\n<p>\u00a0<\/p>\n<p>Los amitos Fayad, Badillo y Reyes, ya preparan candidato a la alcald\u00eda de Huejutla. Si el PRI les dice que no, que no les va a avalar otra imposici\u00f3n, luego entonces se van a otro partido con su t\u00edtere en turno. Una historia que no cambia en esos lugares, donde los caciques de antes son los de ahora. No cambian.<\/p>\n<p>\u00a0<\/p>\n<p>\u00a0\u00a0\u00a0\u00a0\u00a0\u00a0\u00a0\u00a0\u00a0\u00a0\u00a0\u00a0\u00a0\u00a0\u00a0\u00a0\u00a0\u00a0\u00a0\u00a0\u00a0\u00a0\u00a0\u00a0\u00a0\u00a0\u00a0\u00a0\u00a0\u00a0\u00a0\u00a0\u00a0\u00a0\u00a0\u00a0\u00a0\u00a0\u00a0\u00a0\u00a0\u00a0\u00a0\u00a0\u00a0\u00a0\u00a0\u00a0\u00a0\u00a0\u00a0\u00a0\u00a0\u00a0\u00a0\u00a0\u00a0\u00a0 ***<\/p>\n<p>\u00a0<\/p>\n<p>DUDAS Y COMENTARIOS:<\/p>\n<p><a href=\"mailto:cultoycaballeroso@gmail.com\">cultoycaballeroso@gmail.com<\/a><\/p>\n<p>twitter: @desexenterado<\/p>\n<p>\u00a0<\/p>\n<p>\u00a0<\/p>\n","protected":false},"excerpt":{"rendered":"<p>\u00a1SANOS CUMPLEA\u00d1OS SE\u00d1OR CON CARNES!<\/p>\n","protected":false},"author":93,"featured_media":0,"comment_status":"open","ping_status":"open","sticky":false,"template":"","format":"standard","meta":{"footnotes":""},"categories":[83,42],"tags":[],"class_list":["post-11997","post","type-post","status-publish","format-standard","hentry","category-dese-por-enterado","category-nuestrapalabra"],"_links":{"self":[{"href":"https:\/\/plazajuarez.mx\/historico\/wp-json\/wp\/v2\/posts\/11997","targetHints":{"allow":["GET"]}}],"collection":[{"href":"https:\/\/plazajuarez.mx\/historico\/wp-json\/wp\/v2\/posts"}],"about":[{"href":"https:\/\/plazajuarez.mx\/historico\/wp-json\/wp\/v2\/types\/post"}],"author":[{"embeddable":true,"href":"https:\/\/plazajuarez.mx\/historico\/wp-json\/wp\/v2\/users\/93"}],"replies":[{"embeddable":true,"href":"https:\/\/plazajuarez.mx\/historico\/wp-json\/wp\/v2\/comments?post=11997"}],"version-history":[{"count":0,"href":"https:\/\/plazajuarez.mx\/historico\/wp-json\/wp\/v2\/posts\/11997\/revisions"}],"wp:attachment":[{"href":"https:\/\/plazajuarez.mx\/historico\/wp-json\/wp\/v2\/media?parent=11997"}],"wp:term":[{"taxonomy":"category","embeddable":true,"href":"https:\/\/plazajuarez.mx\/historico\/wp-json\/wp\/v2\/categories?post=11997"},{"taxonomy":"post_tag","embeddable":true,"href":"https:\/\/plazajuarez.mx\/historico\/wp-json\/wp\/v2\/tags?post=11997"}],"curies":[{"name":"wp","href":"https:\/\/api.w.org\/{rel}","templated":true}]}}