{"id":119969,"date":"2020-06-23T06:00:00","date_gmt":"2020-06-23T11:00:00","guid":{"rendered":"https:\/\/plazajuarez.mx\/?p=119969"},"modified":"2020-06-23T07:10:43","modified_gmt":"2020-06-23T12:10:43","slug":"alfil-negro-1857","status":"publish","type":"post","link":"https:\/\/plazajuarez.mx\/historico\/alfil-negro-1857\/","title":{"rendered":"ALFIL NEGRO"},"content":{"rendered":"\n<h2 class=\"wp-block-heading\"><strong>LO QUE LA PANDEMIA SE LLEV\u00d3: LOS CHARREZ, LAS GARZAS , ETC.<\/strong><\/h2>\n\n\n\n<!--more-->\n\n\n\n<p>El Covid 19 es un virus que ha cobrado la vida de m\u00e1s de 469 mil personas en el mundo e infectado a m\u00e1s de 9 millones, en todo nuestro pa\u00eds le ha quitado la vida a m\u00e1s&nbsp; de 21 mil personas y contagiado a m\u00e1s de 180 mil y en Hidalgo, provocado el fallecimiento de m\u00e1s de 500 personas, e infectado a m\u00e1s de 3 mil ciudadanos.<\/p>\n\n\n\n<p>No es cosa de juego,&nbsp; y es seguramente la enfermedad que m\u00e1s nos ha lastimado en la historia reciente de Hidalgo y del planeta.<\/p>\n\n\n\n<p>Pero sucede,&nbsp; que como el viento que da raz\u00f3n de ser al monumento de la diosa del viento,&nbsp; nacido de la sensibilidad de Mar\u00eda Yan\u00edn Salazar, e inaugurado en 2010, como hurac\u00e1n y viento desenfrenado el Covid 19 ha barrido no s\u00f3lo con la salud y vida de centenares de hidalguenses, sino que tambi\u00e9n en su presencia han sido o est\u00e1n siendo barridos, personajes y grupos de la pol\u00edtica que parec\u00edan eternos, con fecha de inicio,&nbsp; pero que daban la impresi\u00f3n de no tener membrete de caducidad.<\/p>\n\n\n\n<p>Y sin embargo, se desmoronan,&nbsp; y todo indica que termina su tiempo, que se acaba su reinado, porque como dice el refr\u00e1n: &#8220;a toda capillita le llega su fiestecita&#8221;, y a estas capillitas&nbsp; ya les lleg\u00f3.<\/p>\n\n\n\n<p>En sentido figurado se puede decir que son los damnificados del Covid. Apunte usted y ver\u00e1 que todo indica que por ah\u00ed camina la cosa.<\/p>\n\n\n\n<p>GRUPO UNIVERSIDAD, con m\u00e1s de 30 a\u00f1os de ser pr\u00e1cticamente los due\u00f1os de la UAEH y con un poder absoluto en la vida de esta casa de estudios, supuestamente p\u00fablica, pero en la realidad una universidad privada, con negocios disfrazados de empresas universitarias, que provocaron en su patr\u00f3n un sentimiento de omnipotencia,&nbsp; que dieron decisiones que llevaron a este grupo de poder y de dinero, a enfrentarse con el gobierno federal y la DEA, en una batalla que parece tener perdida.<\/p>\n\n\n\n<p>La pandemia est\u00e1 de testigo.<\/p>\n\n\n\n<p><strong>LOS CHARREZ\u00a0<\/strong><\/p>\n\n\n\n<p>A estos hermanitos tambi\u00e9n parece que ya los afect\u00f3, pol\u00edticamente, la pandemia. Desde hace m\u00e1s de 10 a\u00f1os se convirtieron con chantajes, agresiones, plantones y manifestaciones, as\u00ed como el uso de los m\u00e1s necesitados, en amos del Mezquital siempre con buena ganancia en dinero.<\/p>\n\n\n\n<p>Pero todo acaba, y ahora Cipriano que era diputado federal por Morena, desaforado y en la c\u00e1rcel por haber provocado la muerte de un joven taxista, al que no auxilio mientras se calcinaba y tambi\u00e9n por agresi\u00f3n de muerte contra su hermano, parece historia terminada.&nbsp;<\/p>\n\n\n\n<p>Su hermano Pascual actual alcalde de Ixmiquilpan, atr\u00e1s de su hermano Cipriano, est\u00e1 acusado de complicidad con la banda los hades en narcomenudeo&nbsp; y huachicoleo.&nbsp;<\/p>\n\n\n\n<p>Es un golpe del que no parece que se pueda levantar. Y se acaban los sue\u00f1os del otro hermanito, Vicente, que buscaba ser alcalde de Ixmiquilpan, para que los tres hermanitos fueran Presidentes Municipales del mismo municipio.<\/p>\n\n\n\n<p>Vamos a ver si hay alg\u00fan partido que lo quiera cobijar. Todo parece indicar que los Charrez desaparecen como fuerza pol\u00edtica y que sus a\u00f1os de poder se fueron.<\/p>\n\n\n\n<p>V\u00edctimas tambi\u00e9n en tiempos de la pandemia, algunos priista, que rumian su despecho y ganas de cobrar venganza, porque les levantaron la canasta del poder y de los billetes. Entre ellos algunos que fueron figurones y due\u00f1os de cargos importantes, pero ya no.<\/p>\n\n\n\n<p>Es la pandemia que barre con todo y es escenario del fin de verdaderos imperios en el estado.<\/p>\n\n\n\n<p>As\u00ed es esto&#8230; todo tiene principio y fin, amanecer\u00a0 y anochecer. Y a estos les lleg\u00f3 la noche ya.<\/p>\n","protected":false},"excerpt":{"rendered":"<p>LO QUE LA PANDEMIA SE LLEV\u00d3: LOS CHARREZ, LAS GARZAS , ETC.<\/p>\n","protected":false},"author":83,"featured_media":0,"comment_status":"closed","ping_status":"open","sticky":false,"template":"","format":"standard","meta":{"footnotes":""},"categories":[48,42],"tags":[],"class_list":["post-119969","post","type-post","status-publish","format-standard","hentry","category-adalberto-peralta","category-nuestrapalabra"],"_links":{"self":[{"href":"https:\/\/plazajuarez.mx\/historico\/wp-json\/wp\/v2\/posts\/119969","targetHints":{"allow":["GET"]}}],"collection":[{"href":"https:\/\/plazajuarez.mx\/historico\/wp-json\/wp\/v2\/posts"}],"about":[{"href":"https:\/\/plazajuarez.mx\/historico\/wp-json\/wp\/v2\/types\/post"}],"author":[{"embeddable":true,"href":"https:\/\/plazajuarez.mx\/historico\/wp-json\/wp\/v2\/users\/83"}],"replies":[{"embeddable":true,"href":"https:\/\/plazajuarez.mx\/historico\/wp-json\/wp\/v2\/comments?post=119969"}],"version-history":[{"count":0,"href":"https:\/\/plazajuarez.mx\/historico\/wp-json\/wp\/v2\/posts\/119969\/revisions"}],"wp:attachment":[{"href":"https:\/\/plazajuarez.mx\/historico\/wp-json\/wp\/v2\/media?parent=119969"}],"wp:term":[{"taxonomy":"category","embeddable":true,"href":"https:\/\/plazajuarez.mx\/historico\/wp-json\/wp\/v2\/categories?post=119969"},{"taxonomy":"post_tag","embeddable":true,"href":"https:\/\/plazajuarez.mx\/historico\/wp-json\/wp\/v2\/tags?post=119969"}],"curies":[{"name":"wp","href":"https:\/\/api.w.org\/{rel}","templated":true}]}}