{"id":11995,"date":"2015-10-12T15:17:32","date_gmt":"2015-10-12T15:17:32","guid":{"rendered":"http:\/\/plazajuarez.mx\/index\/index.php\/2015\/10\/12\/videoclub-de-alex-de-la-iglesia\/"},"modified":"2015-10-12T15:17:32","modified_gmt":"2015-10-12T15:17:32","slug":"videoclub-de-alex-de-la-iglesia","status":"publish","type":"post","link":"https:\/\/plazajuarez.mx\/historico\/videoclub-de-alex-de-la-iglesia\/","title":{"rendered":"Videoclub de Alex de la Iglesia"},"content":{"rendered":"<p>Sus cintas presentan situaciones tan absurdas como probables que siempre trascienden de lo sencillo a lo terrible<\/p>\n<p>  <!--more-->  <\/p>\n<p>\u00a0<\/p>\n<p>El Centro de las Artes de Hidalgo dedica la programaci\u00f3n de octubre del videoclub a uno de los directores m\u00e1s importantes de Espa\u00f1a: \u00c1lex de la Iglesia. \u201cEl d\u00eda de la bestia\u201d, \u201cCrimen ferpecto\u201d, \u201cLa comunidad\u201d y \u201cMuertos de risa\u201d, son las pel\u00edculas que se proyectar\u00e1n durante este mes todos los mi\u00e9rcoles a las 18:00 horas.<\/p>\n<p>Estos trabajos cinematogr\u00e1ficos son una muestra de su agudo virtuosismo para manejar tem\u00e1ticas bien diferenciadas, ya se trate del nacimiento del Anticristo, de la forma m\u00e1s absurda, del descubrimiento de un tesoro o del chantaje rom\u00e1ntico, sus cintas presentan situaciones tan absurdas como probables que siempre trascienden de lo sencillo a lo terrible, donde lo \u00fanico que queda son las acciones de los personajes que se degradar\u00e1n hasta su propia aniquilaci\u00f3n en un contexto de humor negro.<\/p>\n<p>Para comentar cada pel\u00edcula participar\u00e1 Ra\u00fal del Olmo Tavera. Esta actividad se realizar\u00e1 en colaboraci\u00f3n con la Cineteca Nacional. La entrada es libre.<\/p>\n<p>\u201cEl d\u00eda de la bestia\u201d (Espa\u00f1a, 1995) se present\u00f3 el mi\u00e9rcoles 7 de octubre.<\/p>\n<p>La pr\u00f3xima ser\u00e1 el mi\u00e9rcoles 14 de octubre: \u201cCrimen ferpecto\u201d, a las 18 horas.<\/p>\n<p>Para el mi\u00e9rcoles 21, toca el turno a \u201cLa comunidad\u201d. Finalmente, el mi\u00e9rcoles 28 de octubre se proyectar\u00e1 \u201cMuertos de risa\u201d.<\/p>\n<p>Alejandro de la Iglesia Mendoza (Bilbao, 4 de diciembre de 1965), conocido como \u00c1lex de la Iglesia, es un director, productor y guionista de cine espa\u00f1ol, antiguamente historietista. En junio de 2009 fue elegido presidente de la Academia de las Artes y las Ciencias Cinematogr\u00e1ficas de Espa\u00f1a, cargo que mantuvo hasta despu\u00e9s de la Gala de los Goya de 2011, celebrada el 13 de febrero de 2011, tras la que dimiti\u00f3, por su desacuerdo con la Ley Sinde.<\/p>\n","protected":false},"excerpt":{"rendered":"<p>Sus cintas presentan situaciones tan absurdas como probables que siempre trascienden de lo sencillo a lo terrible<\/p>\n","protected":false},"author":93,"featured_media":0,"comment_status":"open","ping_status":"open","sticky":false,"template":"","format":"standard","meta":{"footnotes":""},"categories":[41],"tags":[],"class_list":["post-11995","post","type-post","status-publish","format-standard","hentry","category-arteria-cultural"],"_links":{"self":[{"href":"https:\/\/plazajuarez.mx\/historico\/wp-json\/wp\/v2\/posts\/11995","targetHints":{"allow":["GET"]}}],"collection":[{"href":"https:\/\/plazajuarez.mx\/historico\/wp-json\/wp\/v2\/posts"}],"about":[{"href":"https:\/\/plazajuarez.mx\/historico\/wp-json\/wp\/v2\/types\/post"}],"author":[{"embeddable":true,"href":"https:\/\/plazajuarez.mx\/historico\/wp-json\/wp\/v2\/users\/93"}],"replies":[{"embeddable":true,"href":"https:\/\/plazajuarez.mx\/historico\/wp-json\/wp\/v2\/comments?post=11995"}],"version-history":[{"count":0,"href":"https:\/\/plazajuarez.mx\/historico\/wp-json\/wp\/v2\/posts\/11995\/revisions"}],"wp:attachment":[{"href":"https:\/\/plazajuarez.mx\/historico\/wp-json\/wp\/v2\/media?parent=11995"}],"wp:term":[{"taxonomy":"category","embeddable":true,"href":"https:\/\/plazajuarez.mx\/historico\/wp-json\/wp\/v2\/categories?post=11995"},{"taxonomy":"post_tag","embeddable":true,"href":"https:\/\/plazajuarez.mx\/historico\/wp-json\/wp\/v2\/tags?post=11995"}],"curies":[{"name":"wp","href":"https:\/\/api.w.org\/{rel}","templated":true}]}}