{"id":119948,"date":"2020-06-23T06:00:00","date_gmt":"2020-06-23T11:00:00","guid":{"rendered":"https:\/\/plazajuarez.mx\/?p=119948"},"modified":"2020-06-22T21:49:05","modified_gmt":"2020-06-23T02:49:05","slug":"alcalde-bajo-presion-empezo-ayer-a-cumplir-promesas-2","status":"publish","type":"post","link":"https:\/\/plazajuarez.mx\/historico\/alcalde-bajo-presion-empezo-ayer-a-cumplir-promesas-2\/","title":{"rendered":"Alcalde, bajo presi\u00f3n, empez\u00f3 ayer a cumplir promesas"},"content":{"rendered":"\n<ul class=\"wp-block-list\"><li><strong>Para lograr este milagro, vecinos del barrio La Reforma tuvieron que cerrar la carretera M\u00e9xico Laredo&nbsp;<\/strong><\/li><\/ul>\n\n\n\n<ul class=\"wp-block-list\"><li><strong>Ayer mismo, se repararon los sem\u00e1foros, en los siguientes d\u00edas se reparar\u00e1 el drenaje sanitario<\/strong><\/li><\/ul>\n\n\n\n<!--more-->\n\n\n\n<p><strong>Ixmiquilpan<\/strong>.- Vecinos del barrio La Reforma, en Ixmiquilpan, se vieron obligados a cerrar la carretera cuatro carriles, M\u00e9xico-Laredo, para hacer que el presidente municipal, Pascual Charrez Pedraza, cumpliera con sus compromisos firmados y que de acuerdo a los manifestantes, la negligencia institucional, caus\u00f3 varios accidentes automovil\u00edsticos en un sem\u00e1foro descompuesto.\u00a0<\/p>\n\n\n\n<p>Fue un accidente automovil\u00edstico, ocurrido el domingo por la noche, lo que deton\u00f3 la molestia de los vecinos, quienes se manifestaron y rompieron el di\u00e1logo con los enviados del presidente municipal. Urgieron a que cumpliera sus demandas.&nbsp;<\/p>\n\n\n\n<p>Ayer, el alcalde, personalmente acudi\u00f3 a entablar un di\u00e1logo con los pobladores y pidi\u00f3 unas horas para cumplir con la primera parte, arreglar los sem\u00e1foros descompuestos en este punto, con el objetivo de evitar m\u00e1s accidentes.&nbsp;<\/p>\n\n\n\n<p>El cinco de marzo, el alcalde sign\u00f3 diversos acuerdos, entre ellos era arreglar los sem\u00e1foros, debido a que representaban un peligro. Sin embargo, se\u00f1alaron, no volvi\u00f3 a tener contacto con la delegaci\u00f3n y por ende tampoco hubo respuesta a los acuerdos.&nbsp;<\/p>\n\n\n\n<p>Tras una acalorada discusi\u00f3n, se comprometi\u00f3 a darle soluci\u00f3n a los compromisos adquiridos. Ayer mismo, se repararon los sem\u00e1foros, en los siguientes d\u00edas se reparar\u00e1 el drenaje sanitario que es alimentado por el rastro municipal y que se ha convertido en un riesgo sanitario, se colocar\u00e1n reductores de velocidad, adem\u00e1s de un obra de electrificaci\u00f3n a la que se le dar\u00e1 seguimiento.<\/p>\n","protected":false},"excerpt":{"rendered":"<p>Para lograr este milagro, vecinos del barrio La Reforma tuvieron que cerrar la carretera M\u00e9xico Laredo&nbsp; Ayer mismo, se repararon los sem\u00e1foros, en los siguientes d\u00edas se reparar\u00e1 el drenaje sanitario<\/p>\n","protected":false},"author":75,"featured_media":0,"comment_status":"closed","ping_status":"open","sticky":false,"template":"","format":"standard","meta":{"footnotes":""},"categories":[40],"tags":[],"class_list":["post-119948","post","type-post","status-publish","format-standard","hentry","category-region"],"_links":{"self":[{"href":"https:\/\/plazajuarez.mx\/historico\/wp-json\/wp\/v2\/posts\/119948","targetHints":{"allow":["GET"]}}],"collection":[{"href":"https:\/\/plazajuarez.mx\/historico\/wp-json\/wp\/v2\/posts"}],"about":[{"href":"https:\/\/plazajuarez.mx\/historico\/wp-json\/wp\/v2\/types\/post"}],"author":[{"embeddable":true,"href":"https:\/\/plazajuarez.mx\/historico\/wp-json\/wp\/v2\/users\/75"}],"replies":[{"embeddable":true,"href":"https:\/\/plazajuarez.mx\/historico\/wp-json\/wp\/v2\/comments?post=119948"}],"version-history":[{"count":0,"href":"https:\/\/plazajuarez.mx\/historico\/wp-json\/wp\/v2\/posts\/119948\/revisions"}],"wp:attachment":[{"href":"https:\/\/plazajuarez.mx\/historico\/wp-json\/wp\/v2\/media?parent=119948"}],"wp:term":[{"taxonomy":"category","embeddable":true,"href":"https:\/\/plazajuarez.mx\/historico\/wp-json\/wp\/v2\/categories?post=119948"},{"taxonomy":"post_tag","embeddable":true,"href":"https:\/\/plazajuarez.mx\/historico\/wp-json\/wp\/v2\/tags?post=119948"}],"curies":[{"name":"wp","href":"https:\/\/api.w.org\/{rel}","templated":true}]}}