{"id":11994,"date":"2015-10-12T15:17:34","date_gmt":"2015-10-12T15:17:34","guid":{"rendered":"http:\/\/plazajuarez.mx\/index\/index.php\/2015\/10\/12\/el-dolor-de-la-dictadura-en-el-cervantino\/"},"modified":"2015-10-12T15:17:34","modified_gmt":"2015-10-12T15:17:34","slug":"el-dolor-de-la-dictadura-en-el-cervantino","status":"publish","type":"post","link":"https:\/\/plazajuarez.mx\/historico\/el-dolor-de-la-dictadura-en-el-cervantino\/","title":{"rendered":"El dolor de la dictadura, en el Cervantino"},"content":{"rendered":"<p>El relato en s\u00ed mismo es terrible. Cecilia aparece frente al p\u00fablico para contar su historia, para nombrarla porque no hay perd\u00f3n ni olvido. Su historia es una parte de la vida de Paula Markovitch<\/p>\n<p>  <!--more-->  <\/p>\n<p>\u00a0<\/p>\n<p>GUANAJUATO, Gto.- Un fragmento de la memoria infantil de Cecilia, duele. Eran finales de los a\u00f1os 70 cuando tuvo que huir junto con su madre a una playa inh\u00f3spita de un pueblo humilde en Argentina. La dictadura arras\u00f3 con todo, con la familia, con la cotidianidad, con la paz, con la infancia. Los desaparecidos se multiplican. Su mam\u00e1 le ha dicho que la \u00fanica manera de sobrevivir es mentir.<\/p>\n<p>El relato en s\u00ed mismo es terrible. Cecilia aparece frente al p\u00fablico para contar su historia, para nombrarla porque no hay perd\u00f3n ni olvido. Su historia es una parte de la vida de Paula Markovitch, la escritora que se resiste a ser llamada guionista porque, dice, la literatura s\u00f3lo es eso, literatura, que a veces est\u00e1 al servicio del cine y ahora de la \u00f3pera.<\/p>\n<p>El montaje es una producci\u00f3n limpia, acabada, trabajada, redonda. La m\u00fasica de Derbez mantiene la tensi\u00f3n durante las casi dos horas de duraci\u00f3n. El clarinete, el acorde\u00f3n, colocan a la \u00f3pera en esa playa en donde el mar es amarillo, en donde el viento es hostil, fr\u00edo, estremecedor; las percusiones y el piano son tambi\u00e9n protagonistas y acompa\u00f1antes de los momentos m\u00e1s dram\u00e1ticos y conmovedores.<\/p>\n<p>La direcci\u00f3n de escena de Yuriria Fanjul coloca al coro Shola Cantorum de M\u00e9xico A.C. en momentos estrat\u00e9gicos, ya sea en el sal\u00f3n de clases, la playa, y las escenas fluyen. Los solistas lucen sus voces y su capacidad histri\u00f3nica. La soprano Carolina Wong, como la madre de Cecilia, la mezzosoprano Gabriela Flores como la maestra, y el bar\u00edtono Juan Carlos Heredia como el Coronel Esteves, las tres becarias del Estudio \u00d3pera de Bellas de Artes, dominan la escena, el espacio, su cuerpo y sus voces.<\/p>\n<p>En suma, es una producci\u00f3n, a cargo de Valeria Palomino, que revela que el talento no lo es todo, tambi\u00e9n se precisa de la uni\u00f3n de voluntades, de financiamiento, de proyectos a largo plazo. La \u00f3pera no es privilegio de los experimentados es terreno f\u00e9rtil para los debutantes. En su \u00faltima funci\u00f3n en el FIC se escucharon los bravos, la ovaci\u00f3n, el p\u00fablico es receptivo cuando sabe que se le ha entregado una obra de arte.<\/p>\n","protected":false},"excerpt":{"rendered":"<p>El relato en s\u00ed mismo es terrible. Cecilia aparece frente al p\u00fablico para contar su historia, para nombrarla porque no hay perd\u00f3n ni olvido. Su historia es una parte de la vida de Paula Markovitch<\/p>\n","protected":false},"author":93,"featured_media":0,"comment_status":"open","ping_status":"open","sticky":false,"template":"","format":"standard","meta":{"footnotes":""},"categories":[41],"tags":[],"class_list":["post-11994","post","type-post","status-publish","format-standard","hentry","category-arteria-cultural"],"_links":{"self":[{"href":"https:\/\/plazajuarez.mx\/historico\/wp-json\/wp\/v2\/posts\/11994","targetHints":{"allow":["GET"]}}],"collection":[{"href":"https:\/\/plazajuarez.mx\/historico\/wp-json\/wp\/v2\/posts"}],"about":[{"href":"https:\/\/plazajuarez.mx\/historico\/wp-json\/wp\/v2\/types\/post"}],"author":[{"embeddable":true,"href":"https:\/\/plazajuarez.mx\/historico\/wp-json\/wp\/v2\/users\/93"}],"replies":[{"embeddable":true,"href":"https:\/\/plazajuarez.mx\/historico\/wp-json\/wp\/v2\/comments?post=11994"}],"version-history":[{"count":0,"href":"https:\/\/plazajuarez.mx\/historico\/wp-json\/wp\/v2\/posts\/11994\/revisions"}],"wp:attachment":[{"href":"https:\/\/plazajuarez.mx\/historico\/wp-json\/wp\/v2\/media?parent=11994"}],"wp:term":[{"taxonomy":"category","embeddable":true,"href":"https:\/\/plazajuarez.mx\/historico\/wp-json\/wp\/v2\/categories?post=11994"},{"taxonomy":"post_tag","embeddable":true,"href":"https:\/\/plazajuarez.mx\/historico\/wp-json\/wp\/v2\/tags?post=11994"}],"curies":[{"name":"wp","href":"https:\/\/api.w.org\/{rel}","templated":true}]}}