{"id":11991,"date":"2015-10-12T15:10:08","date_gmt":"2015-10-12T15:10:08","guid":{"rendered":"http:\/\/plazajuarez.mx\/index\/index.php\/2015\/10\/12\/lady-gaga-se-siente-mas-normal\/"},"modified":"2015-10-12T15:10:08","modified_gmt":"2015-10-12T15:10:08","slug":"lady-gaga-se-siente-mas-normal","status":"publish","type":"post","link":"https:\/\/plazajuarez.mx\/historico\/lady-gaga-se-siente-mas-normal\/","title":{"rendered":"Lady Gaga se siente m\u00e1s &#8220;normal&#8221;"},"content":{"rendered":"<p>\u201cCuando conoces gente en p\u00fablico, 99% del tiempo, la gente no est\u00e1 interesada en realmente conocerme. Hay una especie de muro entre nosotros porque ellos piensan en m\u00ed como algo que no soy\u201d<\/p>\n<p>  <!--more-->  <\/p>\n<p>\u00a0<\/p>\n<p>La cantante Lady Gaga asegur\u00f3 que actualmente se siente una persona m\u00e1s \u201cnormal\u201d, luego del aislamiento y soledad que vivi\u00f3 a consecuencia de la fama.<\/p>\n<p>Como parte del estreno de la quinta temporada de \u201cAmerican Horror Story: Hotel\u201d, en la que particip\u00f3, Gaga ofreci\u00f3 una entrevista a \u201cE! News\u201d en la que habl\u00f3 de su nueva etapa.<\/p>\n<p>\u201cConozco el aislamiento porque soy famosa y es dif\u00edcil ser normal todo el tiempo. Y cuando conoces gente en p\u00fablico, 99% del tiempo, la gente no est\u00e1 interesada en realmente conocerme. Hay una especie de muro entre nosotros porque ellos piensan en m\u00ed como algo que no soy. Realmente s\u00f3lo soy un ser humano que hace esto\u201d, detall\u00f3 la int\u00e9rprete.<\/p>\n<p>Gaga insisti\u00f3 en que se siente m\u00e1s normal y conectada con la gente. \u201cEstoy m\u00e1s feliz que nunca porque la gente con la que trabajo realmente entiende que mi vida es diferente y trabaja realmente para asegurarse de que me sienta lo m\u00e1s normal posible\u201d.<\/p>\n","protected":false},"excerpt":{"rendered":"<p>\u201cCuando conoces gente en p\u00fablico, 99% del tiempo, la gente no est\u00e1 interesada en realmente conocerme. Hay una especie de muro entre nosotros porque ellos piensan en m\u00ed como algo que no soy\u201d<\/p>\n","protected":false},"author":93,"featured_media":0,"comment_status":"open","ping_status":"open","sticky":false,"template":"","format":"standard","meta":{"footnotes":""},"categories":[38],"tags":[],"class_list":["post-11991","post","type-post","status-publish","format-standard","hentry","category-show"],"_links":{"self":[{"href":"https:\/\/plazajuarez.mx\/historico\/wp-json\/wp\/v2\/posts\/11991","targetHints":{"allow":["GET"]}}],"collection":[{"href":"https:\/\/plazajuarez.mx\/historico\/wp-json\/wp\/v2\/posts"}],"about":[{"href":"https:\/\/plazajuarez.mx\/historico\/wp-json\/wp\/v2\/types\/post"}],"author":[{"embeddable":true,"href":"https:\/\/plazajuarez.mx\/historico\/wp-json\/wp\/v2\/users\/93"}],"replies":[{"embeddable":true,"href":"https:\/\/plazajuarez.mx\/historico\/wp-json\/wp\/v2\/comments?post=11991"}],"version-history":[{"count":0,"href":"https:\/\/plazajuarez.mx\/historico\/wp-json\/wp\/v2\/posts\/11991\/revisions"}],"wp:attachment":[{"href":"https:\/\/plazajuarez.mx\/historico\/wp-json\/wp\/v2\/media?parent=11991"}],"wp:term":[{"taxonomy":"category","embeddable":true,"href":"https:\/\/plazajuarez.mx\/historico\/wp-json\/wp\/v2\/categories?post=11991"},{"taxonomy":"post_tag","embeddable":true,"href":"https:\/\/plazajuarez.mx\/historico\/wp-json\/wp\/v2\/tags?post=11991"}],"curies":[{"name":"wp","href":"https:\/\/api.w.org\/{rel}","templated":true}]}}