{"id":119787,"date":"2020-06-22T06:00:00","date_gmt":"2020-06-22T11:00:00","guid":{"rendered":"https:\/\/plazajuarez.mx\/?p=119787"},"modified":"2020-06-21T21:25:52","modified_gmt":"2020-06-22T02:25:52","slug":"guitarra-de-cobain-en-mtv-unplugged-valio-6-mdd","status":"publish","type":"post","link":"https:\/\/plazajuarez.mx\/historico\/guitarra-de-cobain-en-mtv-unplugged-valio-6-mdd\/","title":{"rendered":"Guitarra de Cobain en &#8220;MTV Unplugged&#8221; vali\u00f3 6 MDD"},"content":{"rendered":"\n<p>La guitarra que toc\u00f3 Kurt Cobain en el disco &#8220;MTV Unplugged in New York&#8221; (1994) fue vendida este s\u00e1bado por 6 millones de d\u00f3lares en una subasta de Beverly Hills (Los \u00c1ngeles, EE.UU.) y se convirti\u00f3 as\u00ed en la m\u00e1s cara de la historia, seg\u00fan la casa Julien&#8217;s.<\/p>\n\n\n\n<p>La casa de apuestas subray\u00f3 en un comunicado que la cifra supone un &#8220;nuevo r\u00e9cord mundial para una guitarra&#8221;.<\/p>\n\n\n\n<p>El comprador es el magnate australiano Peter Freedman, quien planea salir de gira con la guitarra del l\u00edder de Nirvana y recabar fondos para grupos de apoyo a los artistas.<\/p>\n\n\n\n<p>La puja por este modelo ac\u00fastico Martin D-18E del a\u00f1o 1959, que Cobain toc\u00f3 en 1994, arranc\u00f3 en los 250.000 d\u00f3lares y r\u00e1pidamente super\u00f3 el mill\u00f3n, hasta finalmente ser vendida por 6 millones de d\u00f3lares.<\/p>\n\n\n\n<p>Hasta ahora, la guitarra m\u00e1s cara hab\u00eda sido una Fender Stratocaster usada por el David Gilmour, de Pink Floyd, y que fue vendida por 4 millones de d\u00f3lares en 2019 en una subasta para obras de caridad.<\/p>\n","protected":false},"excerpt":{"rendered":"<p>La guitarra que toc\u00f3 Kurt Cobain en el disco &#8220;MTV Unplugged in New York&#8221; (1994) fue vendida este s\u00e1bado por 6 millones de d\u00f3lares en una subasta de Beverly Hills (Los \u00c1ngeles, EE.UU.) y se convirti\u00f3 as\u00ed en la m\u00e1s cara de la historia, seg\u00fan la casa Julien&#8217;s. La casa de apuestas subray\u00f3 en un [&hellip;]<\/p>\n","protected":false},"author":80,"featured_media":0,"comment_status":"closed","ping_status":"open","sticky":false,"template":"","format":"standard","meta":{"footnotes":""},"categories":[38],"tags":[],"class_list":["post-119787","post","type-post","status-publish","format-standard","hentry","category-show"],"_links":{"self":[{"href":"https:\/\/plazajuarez.mx\/historico\/wp-json\/wp\/v2\/posts\/119787","targetHints":{"allow":["GET"]}}],"collection":[{"href":"https:\/\/plazajuarez.mx\/historico\/wp-json\/wp\/v2\/posts"}],"about":[{"href":"https:\/\/plazajuarez.mx\/historico\/wp-json\/wp\/v2\/types\/post"}],"author":[{"embeddable":true,"href":"https:\/\/plazajuarez.mx\/historico\/wp-json\/wp\/v2\/users\/80"}],"replies":[{"embeddable":true,"href":"https:\/\/plazajuarez.mx\/historico\/wp-json\/wp\/v2\/comments?post=119787"}],"version-history":[{"count":0,"href":"https:\/\/plazajuarez.mx\/historico\/wp-json\/wp\/v2\/posts\/119787\/revisions"}],"wp:attachment":[{"href":"https:\/\/plazajuarez.mx\/historico\/wp-json\/wp\/v2\/media?parent=119787"}],"wp:term":[{"taxonomy":"category","embeddable":true,"href":"https:\/\/plazajuarez.mx\/historico\/wp-json\/wp\/v2\/categories?post=119787"},{"taxonomy":"post_tag","embeddable":true,"href":"https:\/\/plazajuarez.mx\/historico\/wp-json\/wp\/v2\/tags?post=119787"}],"curies":[{"name":"wp","href":"https:\/\/api.w.org\/{rel}","templated":true}]}}