{"id":119785,"date":"2020-06-22T06:00:00","date_gmt":"2020-06-22T11:00:00","guid":{"rendered":"https:\/\/plazajuarez.mx\/?p=119785"},"modified":"2020-06-21T21:22:44","modified_gmt":"2020-06-22T02:22:44","slug":"todo-listo-para-el-concurso-de-composicion-arturo-marquez","status":"publish","type":"post","link":"https:\/\/plazajuarez.mx\/historico\/todo-listo-para-el-concurso-de-composicion-arturo-marquez\/","title":{"rendered":"Todo listo para el concurso de composici\u00f3n &#8220;Arturo M\u00e1rquez&#8221;"},"content":{"rendered":"\n<ul class=\"wp-block-list\"><li><strong>Es convocado por el Patronato del Centro Cultural Roberto Cantoral, A.C., y la Secretar\u00eda de Cultura, a trav\u00e9s del Instituto Nacional de Bellas Artes y Literatura<\/strong><\/li><\/ul>\n\n\n\n<!--more-->\n\n\n\n<p>La s\u00e9ptima edici\u00f3n del concurso de composici\u00f3n &#8220;Arturo M\u00e1rquez&#8221; para Orquesta de C\u00e1mara 2020, el cual tiene el objetivo de &#8220;impulsar entre j\u00f3venes compositores la creaci\u00f3n de m\u00fasica nueva a partir de los ritmos tradicionales y populares arraigados en nuestro pa\u00eds&#8221;, s\u00ed podr\u00e1 llevarse a cabo y este a\u00f1o habr\u00e1 tres premios de 100 mil pesos.<\/p>\n\n\n\n<p>&#8220;Pensamos que no se iba a poder realizar la s\u00e9ptima edici\u00f3n, pero el INBAL y el Patronato hicieron un gran esfuerzo y s\u00ed se podr\u00e1 llevarse a cabo y es una buena noticia para los compositores, para todos. Estamos hablando de que se han presentado hasta ahora m\u00e1s de 300 obras, ha habido m\u00e1s de 20 ganadores con menciones honor\u00edficas y cada edici\u00f3n ha tenido su concierto, los compositores han podido escuchar sus obras y eso ha sido muy importante&#8221;, dice Arturo M\u00e1rquez, en entrevista.<\/p>\n\n\n\n<p>El concurso es convocado por el Patronato del Centro Cultural Roberto Cantoral, A.C., y la Secretar\u00eda de Cultura, a trav\u00e9s del Instituto Nacional de Bellas Artes y Literatura, en su s\u00e9ptima edici\u00f3n podr\u00e1n inscribirse compositores mexicanos, residentes (que puedan comprobar estancia legal m\u00ednima de cinco a\u00f1os) o que vivan en Estados Unidos y sean hijos de padre, madre o abuelos mexicanos.<\/p>\n\n\n\n<p>Entre los ritmos tradicionales se incluyen los sones jarocho y huasteco; pirekua, corrido, canci\u00f3n cardenche, mariachi, trova yucateca y chilena, as\u00ed como danz\u00f3n, bolero, cumbia, tango, rock, jazz y blues, entre otros, en el caso de los populares.<\/p>\n\n\n\n<p>&#8220;En este momento el est\u00edmulo econ\u00f3mico es fundamental, por eso estoy muy contento de que haya tres premios con montos de 100 mil pesos cada uno, adem\u00e1s, en muchas ocasiones ha habido menciones honor\u00edficas con el premio de que las obras sean tocadas. Tambi\u00e9n me alegra mucho que el maestro Iv\u00e1n L\u00f3pez Reynoso sea el director del concierto&#8221;, se\u00f1ala el compositor.<\/p>\n\n\n\n<p>El jurado estar\u00e1 conformado por &#8220;maestros de reconocida trayectoria y de todas las tendencias y estilos en el \u00e1mbito de la m\u00fasica de concierto&#8221;. La recepci\u00f3n de obras ya en proceso y concluir\u00e1 el viernes 18 de septiembre de 2020, a las 18:00 horas. Los resultados se anunciar\u00e1n los \u00faltimos d\u00edas de octubre pr\u00f3ximo a trav\u00e9s de las p\u00e1ginas web del Patronato del Centro Cultural Roberto Cantoral, A.C. www.patronato-ccrc.org, y del Instituto Nacional de Bellas Artes y Literatura, www.inba.gob.mx.<\/p>\n\n\n\n<p>Las piezas que resulten seleccionadas se interpretar\u00e1n en el Concierto de Premiaci\u00f3n que se realizar\u00e1 en el Centro Cultural Roberto Cantoral, como parte de las actividades del 9\u00ba Festival Art\u00edstico de Oto\u00f1o.<\/p>\n","protected":false},"excerpt":{"rendered":"<p>Es convocado por el Patronato del Centro Cultural Roberto Cantoral, A.C., y la Secretar\u00eda de Cultura, a trav\u00e9s del Instituto Nacional de Bellas Artes y Literatura<\/p>\n","protected":false},"author":81,"featured_media":0,"comment_status":"closed","ping_status":"open","sticky":false,"template":"","format":"standard","meta":{"footnotes":""},"categories":[41],"tags":[],"class_list":["post-119785","post","type-post","status-publish","format-standard","hentry","category-arteria-cultural"],"_links":{"self":[{"href":"https:\/\/plazajuarez.mx\/historico\/wp-json\/wp\/v2\/posts\/119785","targetHints":{"allow":["GET"]}}],"collection":[{"href":"https:\/\/plazajuarez.mx\/historico\/wp-json\/wp\/v2\/posts"}],"about":[{"href":"https:\/\/plazajuarez.mx\/historico\/wp-json\/wp\/v2\/types\/post"}],"author":[{"embeddable":true,"href":"https:\/\/plazajuarez.mx\/historico\/wp-json\/wp\/v2\/users\/81"}],"replies":[{"embeddable":true,"href":"https:\/\/plazajuarez.mx\/historico\/wp-json\/wp\/v2\/comments?post=119785"}],"version-history":[{"count":0,"href":"https:\/\/plazajuarez.mx\/historico\/wp-json\/wp\/v2\/posts\/119785\/revisions"}],"wp:attachment":[{"href":"https:\/\/plazajuarez.mx\/historico\/wp-json\/wp\/v2\/media?parent=119785"}],"wp:term":[{"taxonomy":"category","embeddable":true,"href":"https:\/\/plazajuarez.mx\/historico\/wp-json\/wp\/v2\/categories?post=119785"},{"taxonomy":"post_tag","embeddable":true,"href":"https:\/\/plazajuarez.mx\/historico\/wp-json\/wp\/v2\/tags?post=119785"}],"curies":[{"name":"wp","href":"https:\/\/api.w.org\/{rel}","templated":true}]}}