{"id":119617,"date":"2020-06-21T06:00:00","date_gmt":"2020-06-21T11:00:00","guid":{"rendered":"https:\/\/plazajuarez.mx\/?p=119617"},"modified":"2020-06-21T00:56:53","modified_gmt":"2020-06-21T05:56:53","slug":"la-gente-cuenta-17","status":"publish","type":"post","link":"https:\/\/plazajuarez.mx\/historico\/la-gente-cuenta-17\/","title":{"rendered":"LA GENTE CUENTA"},"content":{"rendered":"\n<h2 class=\"wp-block-heading\"><strong>Mensaje de larga distancia<\/strong><\/h2>\n\n\n\n<!--more-->\n\n\n\n<p>Querido Carlos:\u00a0<\/p>\n\n\n\n<p>Est\u00e1s ahora a muchos minutos de distancia, separado de las personas que te importan y que se preocupan mucho. Lo s\u00e9, es muy dif\u00edcil mantener el contacto con nosotros dadas las circunstancias que hay en estos momentos, pero lo m\u00e1s importante ahora, querido amigo, es que mantengas la calma y encuentres un poco de tranquilidad.&nbsp;<\/p>\n\n\n\n<p>Me he enterado que est\u00e1s comenzando a enfermarte, y la verdad no s\u00e9 qu\u00e9 decirte: lo primero que se me ocurre es empatizar contigo, pues yo tambi\u00e9n fui v\u00edctima de aquella enfermedad, y por supuesto que s\u00e9 la angustia y la incertidumbre que est\u00e1s pasando. Pero quiero que sepas que es algo que superar\u00e1s sin alg\u00fan problema.&nbsp;<\/p>\n\n\n\n<p>Cuando yo fui v\u00edctima de aquel virus, no tienes la mayor idea de las cosas que pasaron por mi mente en aquel momento. En primer lugar, pens\u00e9 que mi futuro se reducir\u00eda hasta en un plazo de unas semanas, que ya no tendr\u00eda la oportunidad de tener m\u00e1s tiempo de hacer lo que siempre he deseado hacer\u2026 en fin, las podr\u00eda enlistar todas.&nbsp;<\/p>\n\n\n\n<p>Pero, \u00bfsabes algo? A toda esa marejada de pensamientos pesimistas y de mal ag\u00fcero encontr\u00e9 cierto consuelo. Mis padres, quienes desde que he estado peque\u00f1o hemos pasado por situaciones, incluso m\u00e1s fuertes que esta, no dudaron en apoyarme, darme palabras de aliento, en decirme que iba a vencer esto.&nbsp;<\/p>\n\n\n\n<p>El mismo tiempo les dio la raz\u00f3n. Despu\u00e9s de aquella visita al m\u00e9dico de cabecera, en cuanto recib\u00ed la noticia de que mi cuerpo estaba libre de infecci\u00f3n, no sabes la alegr\u00eda de saber que contaba con tiempo a favor, que a\u00fan contaba con cierta salud para seguir adelante con mi vida, y con la determinaci\u00f3n de hacer todo lo que me apasiona como si fuera el \u00faltimo d\u00eda.&nbsp;<\/p>\n\n\n\n<p>Amigo: lo que intento decirte a trav\u00e9s de estas l\u00edneas es que, a pesar de lo duro que represente esta situaci\u00f3n para ti, recuerda que cuentas con un ej\u00e9rcito de personas que est\u00e1n al pendiente de ti. Tu hija y tu esposa en la primera l\u00ednea. Piensa en ellas, al mismo en que enfrentas a ese enemigo, y ver\u00e1s que m\u00e1s llevadero ser\u00e1 el confinamiento.&nbsp;<\/p>\n\n\n\n<p>No quisiera pasar la oportunidad de manifestarte que tus mejores amigos y yo estaremos al pendiente de todo, esperando el momento en el que digas que lograste vencer esta adversidad. Y en cuanto suceda eso, te estaremos esperando con los brazos abiertos.&nbsp;&nbsp;<\/p>\n","protected":false},"excerpt":{"rendered":"<p>Mensaje de larga distancia<\/p>\n","protected":false},"author":93,"featured_media":0,"comment_status":"closed","ping_status":"open","sticky":false,"template":"","format":"standard","meta":{"footnotes":""},"categories":[40],"tags":[],"class_list":["post-119617","post","type-post","status-publish","format-standard","hentry","category-region"],"_links":{"self":[{"href":"https:\/\/plazajuarez.mx\/historico\/wp-json\/wp\/v2\/posts\/119617","targetHints":{"allow":["GET"]}}],"collection":[{"href":"https:\/\/plazajuarez.mx\/historico\/wp-json\/wp\/v2\/posts"}],"about":[{"href":"https:\/\/plazajuarez.mx\/historico\/wp-json\/wp\/v2\/types\/post"}],"author":[{"embeddable":true,"href":"https:\/\/plazajuarez.mx\/historico\/wp-json\/wp\/v2\/users\/93"}],"replies":[{"embeddable":true,"href":"https:\/\/plazajuarez.mx\/historico\/wp-json\/wp\/v2\/comments?post=119617"}],"version-history":[{"count":0,"href":"https:\/\/plazajuarez.mx\/historico\/wp-json\/wp\/v2\/posts\/119617\/revisions"}],"wp:attachment":[{"href":"https:\/\/plazajuarez.mx\/historico\/wp-json\/wp\/v2\/media?parent=119617"}],"wp:term":[{"taxonomy":"category","embeddable":true,"href":"https:\/\/plazajuarez.mx\/historico\/wp-json\/wp\/v2\/categories?post=119617"},{"taxonomy":"post_tag","embeddable":true,"href":"https:\/\/plazajuarez.mx\/historico\/wp-json\/wp\/v2\/tags?post=119617"}],"curies":[{"name":"wp","href":"https:\/\/api.w.org\/{rel}","templated":true}]}}