{"id":119615,"date":"2020-06-21T06:00:00","date_gmt":"2020-06-21T11:00:00","guid":{"rendered":"https:\/\/plazajuarez.mx\/?p=119615"},"modified":"2020-06-21T00:54:57","modified_gmt":"2020-06-21T05:54:57","slug":"relatos-de-vida-30","status":"publish","type":"post","link":"https:\/\/plazajuarez.mx\/historico\/relatos-de-vida-30\/","title":{"rendered":"RELATOS DE VIDA"},"content":{"rendered":"\n<h2 class=\"wp-block-heading\"><strong>La Puerta<\/strong><\/h2>\n\n\n\n<!--more-->\n\n\n\n<p>Y un d\u00eda simplemente se fue, tom\u00f3 los pedacitos regados de su coraz\u00f3n, alz\u00f3 la cabeza, dio un \u00faltimo vistazo a los rincones que la resguardaron tanto tiempo y que acompa\u00f1aron su dolor en silencio y cruz\u00f3 la puerta para no volver.<\/p>\n\n\n\n<p>Sali\u00f3 temerosa y tambaleante, como los primeros pasos de un ni\u00f1o, pero con la firme de idea de que el exterior le dar\u00eda nuevas oportunidades de vida, mejor dicho le dar\u00eda una vida, una que jam\u00e1s tuvo por estar esperanzada en algo que no iba a ser.<\/p>\n\n\n\n<p>De vez en vez volteaba atr\u00e1s para ver esa casa que en un principio parec\u00eda iba estar colmada de amor, caricias, detalles, comprensi\u00f3n y respeto, pero la sombra de los recuerdos que a\u00fan la acompa\u00f1aba la empujaba a regresar a su andar.<\/p>\n\n\n\n<p>Sab\u00eda su destino, era un parada temporal, la casa de una eterna amiga que le abri\u00f3 las puertas en apoyo a tomar la decisi\u00f3n de cambiar su destino, pero el camino le parec\u00eda interminable, pese a que sus monstruos en un acto de solidaridad le dec\u00edan que no volviera jam\u00e1s.<\/p>\n\n\n\n<p>Cuando por fin lleg\u00f3, el abrazo de bienvenida le demostraba que la vida no era mala, que si bien hab\u00eda altas y bajas, no siempre deb\u00eda ser terror\u00edfica, angustiante o humillante; en tanto lloraba y se fund\u00eda en un abrazo que a la vez le quitaba la venda que por a\u00f1os permaneci\u00f3 en sus ojos.<\/p>\n\n\n\n<p>Solo un mes permaneci\u00f3 en ese hogar, hab\u00eda encontrado un trabajo, una nueva casa y tambi\u00e9n nuevas amistades; sus experiencias hab\u00edan cambiado y su transformaci\u00f3n interna y externa eran imposibles de observar.<\/p>\n\n\n\n<p>Ya eran dos a\u00f1os, en este nuevo andar en el que retom\u00f3 confianza, seguridad, fe en la humanidad e ilusiones, hasta que un d\u00eda al abrir la puerta, sus pesadillas regresaron al encontrar parado frente&nbsp; ella a la persona que tanto da\u00f1o le hab\u00eda causado.<\/p>\n\n\n\n<p>Llevaba un arreglo floral, luc\u00eda flaco, ojeroso y desalineado, no pudo evitar sentir pena, aunque la invad\u00eda el miedo.&nbsp;<\/p>\n\n\n\n<p>&#8211; \u00bfQu\u00e9 haces aqu\u00ed? \u2013 pregunt\u00f3 la mujer \u2013.&nbsp;<\/p>\n\n\n\n<p>Has cambiado mucho, te ves hermosa, me alegra mucho verte \u2013 contest\u00f3 la visita \u2013.&nbsp;<\/p>\n\n\n\n<p>-Pues, gracias \u2013, replic\u00f3 titubeante y continu\u00f3: \u2013 pero \u00bfQu\u00e9 haces aqu\u00ed?.<\/p>\n\n\n\n<p>-Me di cuenta de lo importante que eres para m\u00ed, te he extra\u00f1ado mucho y quiero pedirte que me des una oportunidad, he cambiado mucho y estoy seguro que ahora s\u00ed podremos formar el hogar que tanto me ped\u00edas.<\/p>\n\n\n\n<p>Por un momento la mujer permaneci\u00f3 callada, el cari\u00f1o que a\u00fan guardaba en sus entra\u00f1as le hicieron pensar que sus palabras eran ciertas, pero en un r\u00e1pido regreso al tiempo record\u00f3 el momento en el que sali\u00f3 del supuesto hogar y al voltear sus monstruos le dec\u00edan que no volviera jam\u00e1s.<\/p>\n\n\n\n<p>Y fueron nuevamente esos mismos entes, los que la impulsaron a cerrar la puerta y finalmente, con seguridad, concluir un ciclo que a pesar del tiempo segu\u00eda abierto porque el simple deseo era verlo as\u00ed, tal como lo vio.<\/p>\n","protected":false},"excerpt":{"rendered":"<p>La Puerta<\/p>\n","protected":false},"author":73,"featured_media":0,"comment_status":"closed","ping_status":"open","sticky":false,"template":"","format":"standard","meta":{"footnotes":""},"categories":[85],"tags":[],"class_list":["post-119615","post","type-post","status-publish","format-standard","hentry","category-relatos"],"_links":{"self":[{"href":"https:\/\/plazajuarez.mx\/historico\/wp-json\/wp\/v2\/posts\/119615","targetHints":{"allow":["GET"]}}],"collection":[{"href":"https:\/\/plazajuarez.mx\/historico\/wp-json\/wp\/v2\/posts"}],"about":[{"href":"https:\/\/plazajuarez.mx\/historico\/wp-json\/wp\/v2\/types\/post"}],"author":[{"embeddable":true,"href":"https:\/\/plazajuarez.mx\/historico\/wp-json\/wp\/v2\/users\/73"}],"replies":[{"embeddable":true,"href":"https:\/\/plazajuarez.mx\/historico\/wp-json\/wp\/v2\/comments?post=119615"}],"version-history":[{"count":0,"href":"https:\/\/plazajuarez.mx\/historico\/wp-json\/wp\/v2\/posts\/119615\/revisions"}],"wp:attachment":[{"href":"https:\/\/plazajuarez.mx\/historico\/wp-json\/wp\/v2\/media?parent=119615"}],"wp:term":[{"taxonomy":"category","embeddable":true,"href":"https:\/\/plazajuarez.mx\/historico\/wp-json\/wp\/v2\/categories?post=119615"},{"taxonomy":"post_tag","embeddable":true,"href":"https:\/\/plazajuarez.mx\/historico\/wp-json\/wp\/v2\/tags?post=119615"}],"curies":[{"name":"wp","href":"https:\/\/api.w.org\/{rel}","templated":true}]}}