{"id":119521,"date":"2020-06-21T06:00:00","date_gmt":"2020-06-21T11:00:00","guid":{"rendered":"https:\/\/plazajuarez.mx\/?p=119521"},"modified":"2020-06-20T23:42:31","modified_gmt":"2020-06-21T04:42:31","slug":"tras-senalamientos-reaparece-pascual-charrez","status":"publish","type":"post","link":"https:\/\/plazajuarez.mx\/historico\/tras-senalamientos-reaparece-pascual-charrez\/","title":{"rendered":"Tras se\u00f1alamientos, reaparece Pascual Charrez"},"content":{"rendered":"\n<ul class=\"wp-block-list\"><li><strong>El alcalde estaba en confinamiento desde abril pasado&nbsp;<\/strong><\/li><\/ul>\n\n\n\n<!--more-->\n\n\n\n<p class=\"wp-block-paragraph\">Este s\u00e1bado hizo apariciones p\u00fablicas, tras ser acusado de tener nexos con la delincuencia organizada\u00a0<\/p>\n\n\n\n<p class=\"wp-block-paragraph\">El alcalde de Ixmiquilpan, Pascual Charrez, dej\u00f3 el confinamiento en que se manten\u00eda desde el mes de abril pasado. Ayer nuevamente hizo apariciones p\u00fablicas, esto tras ser acusado de nexos con la delincuencia organizada.&nbsp;<\/p>\n\n\n\n<p class=\"wp-block-paragraph\">Ayer, el alcalde acudi\u00f3 a la monta\u00f1a, estuvo en la comunidad de La Pechuga, donde anunci\u00f3 obra p\u00fablica. Fue recibido por autoridades del poblado y dijo, es una localidad que estuvo en el olvido en administraciones pasadas.&nbsp;<\/p>\n\n\n\n<p class=\"wp-block-paragraph\">El alcalde hab\u00eda evitado apariciones p\u00fablicas en los \u00faltimos meses. Se mantuvo resguardado, seg\u00fan informaron sus colaboradores.&nbsp;<\/p>\n\n\n\n<p class=\"wp-block-paragraph\">Sin embargo, tras aparecer su nombre en una red de delincuencia, reinici\u00f3 actividades.&nbsp;<\/p>\n\n\n\n<p class=\"wp-block-paragraph\">Horas despu\u00e9s de ser evidenciado en una reuni\u00f3n de seguridad, el alcalde difundi\u00f3 un video para deslindarse supuestamente de sus probables nexos con la delincuencia, donde puntualiz\u00f3 que sus \u00fanicas relaciones p\u00fablicas son con funcionarios federales y estatales.<\/p>\n\n\n\n<p class=\"wp-block-paragraph\">El viernes, ofreci\u00f3 un mensaje a medios de comunicaci\u00f3n, donde no permiti\u00f3 que se hicieran preguntas, \u00fanicamente se deslind\u00f3 de las acusaciones en su contra. Posteriormente, una peque\u00f1a manifestaci\u00f3n se llev\u00f3 a cabo en su favor por parte de funcionarios municipales y seguidores.&nbsp;<\/p>\n\n\n\n<p class=\"wp-block-paragraph\"><strong>TIANGUIS DEL LUNES EN IXMIQUILPAN, SIN CAMBIOS&nbsp;<\/strong><\/p>\n\n\n\n<p class=\"wp-block-paragraph\">El tianguis programado para el pr\u00f3ximo lunes, no tendr\u00e1 cambios y se mantendr\u00e1 en todas sus \u00e1reas, informaron comerciantes, pues desde iniciada la emergencia sanitaria, no se han modificado los planes al respecto.&nbsp;<\/p>\n\n\n\n<p class=\"wp-block-paragraph\">De acuerdo a los comerciantes, la pandemia no aplic\u00f3 para este tianguis alg\u00fan plan emergente, debido a que de haberse hecho, se habr\u00edan provocado da\u00f1os a la econom\u00eda del municipio y la regi\u00f3n que dependen de \u00e9l.<\/p>\n\n\n\n<p class=\"wp-block-paragraph\">A partir de la semana pasada, se dictaron algunas medidas preventivas, sin embargo las aglomeraciones se mantuvieron en todas las distintas \u00e1reas del tianguis. Asimismo, el uso de cubrebocas no se cumpli\u00f3 como se ha planteado.&nbsp;<\/p>\n\n\n\n<p class=\"wp-block-paragraph\">M\u00e1s del 50 por ciento contin\u00faa desafiando a la pandemia.&nbsp;<\/p>\n\n\n\n<p class=\"wp-block-paragraph\">Debido al incumplimiento de las medidas preventivas, en Ixmiquilpan, se tienen contabilizados unos 25 casos de contagio de Covid-19, sin embargo habitantes de municipios aleda\u00f1os, tambi\u00e9n han sufrido aumentos de contagios.&nbsp;<\/p>\n","protected":false},"excerpt":{"rendered":"<p>El alcalde estaba en confinamiento desde abril pasado&nbsp;<\/p>\n","protected":false},"author":75,"featured_media":0,"comment_status":"closed","ping_status":"open","sticky":false,"template":"","format":"standard","meta":{"footnotes":""},"categories":[40],"tags":[],"class_list":["post-119521","post","type-post","status-publish","format-standard","hentry","category-region"],"_links":{"self":[{"href":"https:\/\/plazajuarez.mx\/historico\/wp-json\/wp\/v2\/posts\/119521","targetHints":{"allow":["GET"]}}],"collection":[{"href":"https:\/\/plazajuarez.mx\/historico\/wp-json\/wp\/v2\/posts"}],"about":[{"href":"https:\/\/plazajuarez.mx\/historico\/wp-json\/wp\/v2\/types\/post"}],"author":[{"embeddable":true,"href":"https:\/\/plazajuarez.mx\/historico\/wp-json\/wp\/v2\/users\/75"}],"replies":[{"embeddable":true,"href":"https:\/\/plazajuarez.mx\/historico\/wp-json\/wp\/v2\/comments?post=119521"}],"version-history":[{"count":0,"href":"https:\/\/plazajuarez.mx\/historico\/wp-json\/wp\/v2\/posts\/119521\/revisions"}],"wp:attachment":[{"href":"https:\/\/plazajuarez.mx\/historico\/wp-json\/wp\/v2\/media?parent=119521"}],"wp:term":[{"taxonomy":"category","embeddable":true,"href":"https:\/\/plazajuarez.mx\/historico\/wp-json\/wp\/v2\/categories?post=119521"},{"taxonomy":"post_tag","embeddable":true,"href":"https:\/\/plazajuarez.mx\/historico\/wp-json\/wp\/v2\/tags?post=119521"}],"curies":[{"name":"wp","href":"https:\/\/api.w.org\/{rel}","templated":true}]}}