{"id":119510,"date":"2020-06-21T06:00:00","date_gmt":"2020-06-21T11:00:00","guid":{"rendered":"https:\/\/plazajuarez.mx\/?p=119510"},"modified":"2020-06-20T23:32:57","modified_gmt":"2020-06-21T04:32:57","slug":"reparan-cancha-de-baloncesto-en-la-colonia-minera-200","status":"publish","type":"post","link":"https:\/\/plazajuarez.mx\/historico\/reparan-cancha-de-baloncesto-en-la-colonia-minera-200\/","title":{"rendered":"Reparan cancha de baloncesto en la colonia Minera 200"},"content":{"rendered":"\n<ul class=\"wp-block-list\"><li><strong>\u201cDesafortunadamente tuvimos el incidente de la cancha deportiva y el da\u00f1o a unos \u00e1rboles por manos vand\u00e1licas\u201d<\/strong><\/li><\/ul>\n\n\n\n<!--more-->\n\n\n\n<p class=\"wp-block-paragraph\">El \u00e1rea de mantenimiento urbano del municipio de Tulancingo, repar\u00f3 la cancha de basquetbol de la Unidad Habitacional Minera Secci\u00f3n 200, luego de que \u00e9sta fuera objeto de actos vand\u00e1licos, que incluyeron el derribe de los tableros.<\/p>\n\n\n\n<p class=\"wp-block-paragraph\">La delegada de ese sector, Sonia Acosta \u00c1lvarez, inform\u00f3 que los desperfectos en la cancha de basquetbol \u201c11 de Julio\u201d, fueron causados por un grupo de personas que utilizaron un veh\u00edculo para derribar los postes de los tableros; estos hechos, aclar\u00f3, sucedieron la madrugada del domingo 7 de junio, y el lunes 8 ya ten\u00edan conocimiento las autoridades municipales.&nbsp;<\/p>\n\n\n\n<p class=\"wp-block-paragraph\">\u201cDesafortunadamente tuvimos el incidente de la cancha deportiva y adem\u00e1s, el da\u00f1o a unos \u00e1rboles por manos vand\u00e1licas, pero de manera inmediata tom\u00f3 conocimiento tanto Mantenimiento Urbano y la Direcci\u00f3n de Medio Ambiente, pues no hay semana que no est\u00e9n aqu\u00ed, verificando el buen estado de las \u00e1reas, y este fin de semana qued\u00f3 totalmente reparada la cancha\u201d, coment\u00f3 la autoridad auxiliar.<\/p>\n\n\n\n<p class=\"wp-block-paragraph\">Por lo anterior, Acosta \u00c1lvarez adelant\u00f3 que se han coordinado con Seguridad P\u00fablica para implementar estrategias para evitar este tipo de situaciones, y exhort\u00f3 a sus vecinos a que est\u00e9n alerta, pues a pesar de que su sector es muy tranquilo, no quieren que se repita este tipo de actos delincuenciales.<\/p>\n\n\n\n<p class=\"wp-block-paragraph\">La delegada agradeci\u00f3 la disponibilidad de las \u00e1reas de Mantenimiento Urbano, Alumbrado P\u00fablico, Medio Ambiente, Parques y Jardines, Limpias y Disposici\u00f3n de Residuos S\u00f3lidos, Seguridad P\u00fablica y Obras P\u00fablicas, pues siempre han respondido al llamado que hacen los vecinos a trav\u00e9s de ella, incluso, dijo, en recientes d\u00edas estuvo la brigada de bacheo permanente haciendo sus labores.<\/p>\n","protected":false},"excerpt":{"rendered":"<p>\u201cDesafortunadamente tuvimos el incidente de la cancha deportiva y el da\u00f1o a unos \u00e1rboles por manos vand\u00e1licas\u201d<\/p>\n","protected":false},"author":70,"featured_media":0,"comment_status":"closed","ping_status":"open","sticky":false,"template":"","format":"standard","meta":{"footnotes":""},"categories":[40],"tags":[],"class_list":["post-119510","post","type-post","status-publish","format-standard","hentry","category-region"],"_links":{"self":[{"href":"https:\/\/plazajuarez.mx\/historico\/wp-json\/wp\/v2\/posts\/119510","targetHints":{"allow":["GET"]}}],"collection":[{"href":"https:\/\/plazajuarez.mx\/historico\/wp-json\/wp\/v2\/posts"}],"about":[{"href":"https:\/\/plazajuarez.mx\/historico\/wp-json\/wp\/v2\/types\/post"}],"author":[{"embeddable":true,"href":"https:\/\/plazajuarez.mx\/historico\/wp-json\/wp\/v2\/users\/70"}],"replies":[{"embeddable":true,"href":"https:\/\/plazajuarez.mx\/historico\/wp-json\/wp\/v2\/comments?post=119510"}],"version-history":[{"count":0,"href":"https:\/\/plazajuarez.mx\/historico\/wp-json\/wp\/v2\/posts\/119510\/revisions"}],"wp:attachment":[{"href":"https:\/\/plazajuarez.mx\/historico\/wp-json\/wp\/v2\/media?parent=119510"}],"wp:term":[{"taxonomy":"category","embeddable":true,"href":"https:\/\/plazajuarez.mx\/historico\/wp-json\/wp\/v2\/categories?post=119510"},{"taxonomy":"post_tag","embeddable":true,"href":"https:\/\/plazajuarez.mx\/historico\/wp-json\/wp\/v2\/tags?post=119510"}],"curies":[{"name":"wp","href":"https:\/\/api.w.org\/{rel}","templated":true}]}}