{"id":1195,"date":"2015-02-21T06:00:00","date_gmt":"2015-02-21T06:00:00","guid":{"rendered":"http:\/\/plazajuarez.mx\/index\/index.php\/2015\/02\/21\/termino-two-and-a-halfmen\/"},"modified":"2015-02-21T06:00:00","modified_gmt":"2015-02-21T06:00:00","slug":"termino-two-and-a-halfmen","status":"publish","type":"post","link":"https:\/\/plazajuarez.mx\/historico\/termino-two-and-a-halfmen\/","title":{"rendered":"Termin\u00f3 &#8220;Two and a halfmen&#8221;"},"content":{"rendered":"<p><strong><span style=\"font-family: verdana,geneva; font-size: 10pt;\">La exitosa serie de televisi\u00f3n estadounidense &#8220;Two and a HalfMen&#8221; (Dos hombres y medio), se despidi\u00f3 despu\u00e9s de doce temporadas con un final en el que el primer protagonista Charlie Sheen estuvo presente en todo, aunque en ning\u00fan lado.<\/span><\/strong><\/p>\n<p>  <!--more-->  <\/p>\n<p>\u00a0<\/p>\n<p><span style=\"font-family: verdana,geneva; font-size: 10pt;\">Sheen fue echado de la comedia luego de semanas de aparecer en las revistas de chismes de Hollywood protagonizando esc\u00e1ndalos con alcohol y drogas.<\/span><\/p>\n<p><span style=\"font-family: verdana,geneva; font-size: 10pt;\">Pero hubo otra vuelta en la trama del cap\u00edtulo final de una hora del jueves.<\/span><\/p>\n<p><span style=\"font-family: verdana,geneva; font-size: 10pt;\">Al parecer, Harper hab\u00eda estado vivo todo este tiempo por venganza luego de escapar de un s\u00f3tano donde su &#8220;viuda&#8221; lo mantuvo cautivo.<\/span><\/p>\n<p><span style=\"font-family: verdana,geneva; font-size: 10pt;\">Muchos de los personajes presentados durante los 260 episodios previos tuvieron una menci\u00f3n al tema: la trama se centr\u00f3 en el paradero real de Harper y Arnold Schwarzenegger apareci\u00f3 como un teniente de polic\u00eda.<\/span><\/p>\n<p><span style=\"font-family: verdana,geneva; font-size: 10pt;\">Sin embargo, Sheen nunca apareci\u00f3, a pesar de una invitaci\u00f3n de Lorre.<\/span><\/p>\n<p><span style=\"font-family: verdana,geneva; font-size: 10pt;\">La estrella, un paciente en rehabilitaci\u00f3n, fue invitada a regresar como &#8220;un guerrero ninja de Marte&#8221; que despotrica contra el abuso de las drogas y luego muere bajo un piano ca\u00eddo.<\/span><\/p>\n<p><span style=\"font-family: verdana,geneva; font-size: 10pt;\">&#8220;Sab\u00edamos muy bien que exist\u00eda ese deseo (entre los fan\u00e1ticos) de verlo, pero no funcion\u00f3&#8221;, dijo Lorre.<\/span><\/p>\n<p><span style=\"font-family: verdana,geneva; font-size: 10pt;\">Seg\u00fan los \u00edndices de audiencia de Nielsen, el final del jueves fue visto por 13,2 millones de espectadores.<\/span><\/p>\n<p><span style=\"font-family: verdana,geneva; font-size: 10pt;\">Vista en m\u00e1s de 50 pa\u00edses del extranjero, &#8220;Two and a HalfMen&#8221; disfrutar\u00e1 de la inmortalidad en Estados Unidos gracias a las repeticiones.<\/span><\/p>\n","protected":false},"excerpt":{"rendered":"<p>La exitosa serie de televisi\u00f3n estadounidense &#8220;Two and a HalfMen&#8221; (Dos hombres y medio), se despidi\u00f3 despu\u00e9s de doce temporadas con un final en el que el primer protagonista Charlie Sheen estuvo presente en todo, aunque en ning\u00fan lado.<\/p>\n","protected":false},"author":93,"featured_media":0,"comment_status":"open","ping_status":"open","sticky":false,"template":"","format":"standard","meta":{"footnotes":""},"categories":[38],"tags":[],"class_list":["post-1195","post","type-post","status-publish","format-standard","hentry","category-show"],"_links":{"self":[{"href":"https:\/\/plazajuarez.mx\/historico\/wp-json\/wp\/v2\/posts\/1195","targetHints":{"allow":["GET"]}}],"collection":[{"href":"https:\/\/plazajuarez.mx\/historico\/wp-json\/wp\/v2\/posts"}],"about":[{"href":"https:\/\/plazajuarez.mx\/historico\/wp-json\/wp\/v2\/types\/post"}],"author":[{"embeddable":true,"href":"https:\/\/plazajuarez.mx\/historico\/wp-json\/wp\/v2\/users\/93"}],"replies":[{"embeddable":true,"href":"https:\/\/plazajuarez.mx\/historico\/wp-json\/wp\/v2\/comments?post=1195"}],"version-history":[{"count":0,"href":"https:\/\/plazajuarez.mx\/historico\/wp-json\/wp\/v2\/posts\/1195\/revisions"}],"wp:attachment":[{"href":"https:\/\/plazajuarez.mx\/historico\/wp-json\/wp\/v2\/media?parent=1195"}],"wp:term":[{"taxonomy":"category","embeddable":true,"href":"https:\/\/plazajuarez.mx\/historico\/wp-json\/wp\/v2\/categories?post=1195"},{"taxonomy":"post_tag","embeddable":true,"href":"https:\/\/plazajuarez.mx\/historico\/wp-json\/wp\/v2\/tags?post=1195"}],"curies":[{"name":"wp","href":"https:\/\/api.w.org\/{rel}","templated":true}]}}