{"id":119491,"date":"2020-06-21T06:00:00","date_gmt":"2020-06-21T11:00:00","guid":{"rendered":"https:\/\/plazajuarez.mx\/?p=119491"},"modified":"2020-06-20T23:12:45","modified_gmt":"2020-06-21T04:12:45","slug":"cine-de-ayer-19","status":"publish","type":"post","link":"https:\/\/plazajuarez.mx\/historico\/cine-de-ayer-19\/","title":{"rendered":"CINE DE AYER"},"content":{"rendered":"\n<h3 class=\"wp-block-heading\"><strong>Justicia para H\u00e9ctor Ortega<\/strong><\/h3>\n\n\n\n<ul class=\"wp-block-list\"><li><strong>Un actor completo, as\u00ed era el nacido en la Ciudad de M\u00e9xico; que debut\u00f3 en el cine en la d\u00e9cada de los 70\u00b4s, con cl\u00e1sicos como El \u00e1guila descalza y Los d\u00edas del amor\u00a0<\/strong><\/li><\/ul>\n\n\n\n<!--more-->\n\n\n\n<p>Opacado por la muerte de H\u00e9ctor Su\u00e1rez, el deceso de H\u00e9ctor Ortega acaecido un d\u00eda despu\u00e9s pas\u00f3 pr\u00e1cticamente desapercibido, lo que se antoja una injusticia, pues se trata de un actor muy completo, que tambi\u00e9n incursion\u00f3 en la escritura y en la direcci\u00f3n.<\/p>\n\n\n\n<p>Naci\u00f3 en la Ciudad de M\u00e9xico el 12 de enero de 1939. Debut\u00f3 en el cine haciendo el papel de mesero en En este pueblo no hay ladrones, una de las triunfadoras del I Concurso de Cine Experimental.<\/p>\n\n\n\n<p>No es sino hasta la d\u00e9cada de los 70 que entra de lleno al cine, participando en cl\u00e1sicos como El \u00e1guila descalza, Los d\u00edas del amor, El jard\u00edn de la t\u00eda Isabel, El rinc\u00f3n de las v\u00edrgenes y La monta\u00f1a sagrada.<\/p>\n\n\n\n<p>Conviene se\u00f1alar su labor como escritor en las cintas de Alfonso Arau, El \u00e1guila descalza y Calzonzin inspector.<\/p>\n\n\n\n<p>Su consagraci\u00f3n como actor se da en la cinta hist\u00f3rica Cuartelazo de Alberto Isaac, en la que tambi\u00e9n es guionista, y donde interpreta ni m\u00e1s ni menos que a Belisario Dom\u00ednguez.<\/p>\n\n\n\n<p>Para demostrar su versatilidad, debut\u00f3 como director de dos cintas infantiles, La palomilla al rescate y Vacaciones misteriosas en 1976.<\/p>\n\n\n\n<p>En la d\u00e9cada siguiente se dedica mayormente a la pantalla chica en telenovelas como La Colorida y Los a\u00f1os felices.<\/p>\n\n\n\n<p>Pero regresa espor\u00e1dicamente al cine al lado de su buen amigo Alberto Isaac, en Mariana, Mariana, sobre el cl\u00e1sico de Jos\u00e9 Emilio Pacheco, Las batallas en el desierto. Conviene recordar que la cinta la iba filmar Jos\u00e9 Estrada, pero falleci\u00f3 poco antes del rodaje e Isaac entr\u00f3 de emergente, con tan buena suerte para H\u00e9ctor, que obtuvo un Ariel por su papel de cuadro de sacerdote.<\/p>\n\n\n\n<p>Y ya que recordamos a H\u00e9ctor Su\u00e1rez, hay que decir que trabaj\u00f3 con \u00e9l en \u00bfQu\u00e9 nos pasa? en 1998.&nbsp;<\/p>\n\n\n\n<p>Descanse en paz este talentoso y vers\u00e1til actor.&nbsp;<\/p>\n","protected":false},"excerpt":{"rendered":"<p>Justicia para H\u00e9ctor Ortega Un actor completo, as\u00ed era el nacido en la Ciudad de M\u00e9xico; que debut\u00f3 en el cine en la d\u00e9cada de los 70\u00b4s, con cl\u00e1sicos como El \u00e1guila descalza y Los d\u00edas del amor\u00a0<\/p>\n","protected":false},"author":96,"featured_media":0,"comment_status":"closed","ping_status":"open","sticky":false,"template":"","format":"standard","meta":{"footnotes":""},"categories":[41],"tags":[],"class_list":["post-119491","post","type-post","status-publish","format-standard","hentry","category-arteria-cultural"],"_links":{"self":[{"href":"https:\/\/plazajuarez.mx\/historico\/wp-json\/wp\/v2\/posts\/119491","targetHints":{"allow":["GET"]}}],"collection":[{"href":"https:\/\/plazajuarez.mx\/historico\/wp-json\/wp\/v2\/posts"}],"about":[{"href":"https:\/\/plazajuarez.mx\/historico\/wp-json\/wp\/v2\/types\/post"}],"author":[{"embeddable":true,"href":"https:\/\/plazajuarez.mx\/historico\/wp-json\/wp\/v2\/users\/96"}],"replies":[{"embeddable":true,"href":"https:\/\/plazajuarez.mx\/historico\/wp-json\/wp\/v2\/comments?post=119491"}],"version-history":[{"count":0,"href":"https:\/\/plazajuarez.mx\/historico\/wp-json\/wp\/v2\/posts\/119491\/revisions"}],"wp:attachment":[{"href":"https:\/\/plazajuarez.mx\/historico\/wp-json\/wp\/v2\/media?parent=119491"}],"wp:term":[{"taxonomy":"category","embeddable":true,"href":"https:\/\/plazajuarez.mx\/historico\/wp-json\/wp\/v2\/categories?post=119491"},{"taxonomy":"post_tag","embeddable":true,"href":"https:\/\/plazajuarez.mx\/historico\/wp-json\/wp\/v2\/tags?post=119491"}],"curies":[{"name":"wp","href":"https:\/\/api.w.org\/{rel}","templated":true}]}}