{"id":119391,"date":"2020-06-20T06:00:00","date_gmt":"2020-06-20T11:00:00","guid":{"rendered":"https:\/\/plazajuarez.mx\/?p=119391"},"modified":"2020-06-19T21:20:23","modified_gmt":"2020-06-20T02:20:23","slug":"jornadas-de-limpieza-por-la-salud","status":"publish","type":"post","link":"https:\/\/plazajuarez.mx\/historico\/jornadas-de-limpieza-por-la-salud\/","title":{"rendered":"Jornadas de limpieza por la salud"},"content":{"rendered":"\n<ul class=\"wp-block-list\"><li><strong>Invitan a la gente a recoger la basura para evitar focos de infecci\u00f3n<\/strong><\/li><\/ul>\n\n\n\n<ul class=\"wp-block-list\"><li><strong>Reiteran la solicitud de que cuiden sus vidas, saliendo a las calles s\u00f3lo cuando es estrictamente necesario\u00a0<\/strong><\/li><\/ul>\n\n\n\n<!--more-->\n\n\n\n<p><strong>Tolcayuca<\/strong>.- El Ayuntamiento de Tolcayuca, a trav\u00e9s de la Direcci\u00f3n de Servicios Municipales lleva a cabo de manera permanente jornadas de limpieza y deshierbe por los diferentes espacios p\u00fablicos, calles y avenidas de la cabecera municipal; con el prop\u00f3sito de disminuir focos de infecci\u00f3n por acumulaci\u00f3n de basura, as\u00ed como para evitar encharcamientos e inundaciones durante la temporada de lluvias.<\/p>\n\n\n\n<p>El alcalde, Humberto M\u00e9rida de la Cruz, se\u00f1al\u00f3 que es importante que la poblaci\u00f3n tome en cuenta el da\u00f1o que produce la basura en las calles y m\u00e1s a\u00fan en contingencia sanitaria, \u201cdebemos aumentar los cuidados de higiene personal, as\u00ed como el de la familia y los hogares, esto evitar\u00e1 alguna enfermedad y un posible contagio de Covid-19.<\/p>\n\n\n\n<p>Francisco Reyes Flores, titular de la Direcci\u00f3n de Servicios Municipales, mencion\u00f3 que las acciones se llevan a cabo permanentemente y se han reforzado durante este periodo, en el cual se pide a la poblaci\u00f3n que evite tirar los cubrebocas en la calle; que deposite la basura en los contenedores; que todo aquel material m\u00e9dico y hospitalario que se desecha est\u00e9 debidamente embolsado y de ser posible sanitizado, para proteger la salud de quienes realizan el trabajo de recolecci\u00f3n y no se vean expuestos a ser contagiados, adem\u00e1s de que estas acciones sirven para que durante la \u00e9poca de lluvias no se presenten encharcamientos en las vialidades.<\/p>\n\n\n\n<p>Las autoridades informaron que las intervenciones de limpieza se han realizado en el Centro de Salud de la Cabecera Municipal, adem\u00e1s del complejo DIF, el Lienzo Charro y las inmediaciones de la lecher\u00eda.<\/p>\n\n\n\n<p>Finalmente, coinciden en qu\u00e9 para evitar que el n\u00famero de contagios por el Covid-19 siga en aumento en la demarcaci\u00f3n, se requiere de un trabajo conjunto entre la sociedad y gobierno, sumado a seguir con las medidas de salud ya establecidas.<\/p>\n","protected":false},"excerpt":{"rendered":"<p>Invitan a la gente a recoger la basura para evitar focos de infecci\u00f3n Reiteran la solicitud de que cuiden sus vidas, saliendo a las calles s\u00f3lo cuando es estrictamente necesario\u00a0<\/p>\n","protected":false},"author":78,"featured_media":0,"comment_status":"closed","ping_status":"open","sticky":false,"template":"","format":"standard","meta":{"footnotes":""},"categories":[40],"tags":[],"class_list":["post-119391","post","type-post","status-publish","format-standard","hentry","category-region"],"_links":{"self":[{"href":"https:\/\/plazajuarez.mx\/historico\/wp-json\/wp\/v2\/posts\/119391","targetHints":{"allow":["GET"]}}],"collection":[{"href":"https:\/\/plazajuarez.mx\/historico\/wp-json\/wp\/v2\/posts"}],"about":[{"href":"https:\/\/plazajuarez.mx\/historico\/wp-json\/wp\/v2\/types\/post"}],"author":[{"embeddable":true,"href":"https:\/\/plazajuarez.mx\/historico\/wp-json\/wp\/v2\/users\/78"}],"replies":[{"embeddable":true,"href":"https:\/\/plazajuarez.mx\/historico\/wp-json\/wp\/v2\/comments?post=119391"}],"version-history":[{"count":0,"href":"https:\/\/plazajuarez.mx\/historico\/wp-json\/wp\/v2\/posts\/119391\/revisions"}],"wp:attachment":[{"href":"https:\/\/plazajuarez.mx\/historico\/wp-json\/wp\/v2\/media?parent=119391"}],"wp:term":[{"taxonomy":"category","embeddable":true,"href":"https:\/\/plazajuarez.mx\/historico\/wp-json\/wp\/v2\/categories?post=119391"},{"taxonomy":"post_tag","embeddable":true,"href":"https:\/\/plazajuarez.mx\/historico\/wp-json\/wp\/v2\/tags?post=119391"}],"curies":[{"name":"wp","href":"https:\/\/api.w.org\/{rel}","templated":true}]}}