{"id":119380,"date":"2020-06-20T06:00:00","date_gmt":"2020-06-20T11:00:00","guid":{"rendered":"https:\/\/plazajuarez.mx\/?p=119380"},"modified":"2020-06-19T21:14:53","modified_gmt":"2020-06-20T02:14:53","slug":"ex-alcalde-en-delincuencia-destacada","status":"publish","type":"post","link":"https:\/\/plazajuarez.mx\/historico\/ex-alcalde-en-delincuencia-destacada\/","title":{"rendered":"Ex alcalde en \u201cDelincuencia Destacada\u201d"},"content":{"rendered":"\n<ul class=\"wp-block-list\"><li><strong>Figura del ex presidente municipal de Cuautepec aparece en gr\u00e1fica<\/strong><strong><\/strong><\/li><\/ul>\n\n\n\n<ul class=\"wp-block-list\"><li><strong>El exalcalde fue sancionado por un periodo de tres a\u00f1os por incurrir en negligencia administrativa\u00a0<\/strong><\/li><\/ul>\n\n\n\n<!--more-->\n\n\n\n<p><strong>Cuautepec<\/strong>.- El ex presidente municipal de Cuautepec, J. G. O. A., figura en la gr\u00e1fica de \u2018Delincuencia Destacada\u2019 que present\u00f3 el jueves el gobernador, Omar Fayad, como parte del informe de 17 perfiles de delincuentes buscados u objetivos en la entidad, por la unidad de inteligencia estatal.<\/p>\n\n\n\n<p>El ex presidente, identificado con el alias \u201cEl Cochiloco\u201d, aparece junto con otros cuatro perfiles, se\u00f1alados por los delitos de \u201chuachicol y otros\u201d: G. R. H., \u2018El Gabo\u2019; M. C. C., \u2018El Marino\u2019; C. L. G., \u2018Don Lupe\u2019; as\u00ed como E. C. B., \u2018La Marrana\u2019.<\/p>\n\n\n\n<p>Fayad Meneses ofreci\u00f3 esta informaci\u00f3n durante la conferencia de prensa que encabez\u00f3 AMLO. En dicha gr\u00e1fica figuran tambi\u00e9n E. M. R. V., presidente municipal de Zimap\u00e1n y P. C. P., de Ixmiquilpan, como miembros del grupo delictivo \u201cLos Hades\u201d; el primero aparece marcado con l\u00ednea color rojo por \u201ctr\u00e1fico de drogas\u201d y el segundo con l\u00ednea azul por \u201chuachicol y otros\u201d.&nbsp;<\/p>\n\n\n\n<p>En cuanto al ex alcalde de Cuautepec, quien buscaba contender nuevamente por la presidencia municipal en el pr\u00f3ximo proceso electoral, cabe recordar que fue inhabilitado por la Secretar\u00eda de la Funci\u00f3n P\u00fablica por incurrir en \u201cnegligencia administrativa\u201d.<\/p>\n\n\n\n<p>De acuerdo con el expediente CM-CHH-PA-PER-002\/16, el exalcalde fue sancionado por un periodo de tres a\u00f1os por el concepto anterior. Esta orden comenz\u00f3 el pasado 18 de febrero y terminar\u00e1 el en 2023.<\/p>\n\n\n\n<p>En el segundo expediente, CM-CHH-PA-PER-004\/16, el exalcalde tambi\u00e9n fue amonestado por la misma falta, tambi\u00e9n por un periodo de tres a\u00f1os con las fechas ya referidas.&nbsp;<\/p>\n","protected":false},"excerpt":{"rendered":"<p>Figura del ex presidente municipal de Cuautepec aparece en gr\u00e1fica El exalcalde fue sancionado por un periodo de tres a\u00f1os por incurrir en negligencia administrativa\u00a0<\/p>\n","protected":false},"author":93,"featured_media":0,"comment_status":"closed","ping_status":"open","sticky":false,"template":"","format":"standard","meta":{"footnotes":""},"categories":[40],"tags":[],"class_list":["post-119380","post","type-post","status-publish","format-standard","hentry","category-region"],"_links":{"self":[{"href":"https:\/\/plazajuarez.mx\/historico\/wp-json\/wp\/v2\/posts\/119380","targetHints":{"allow":["GET"]}}],"collection":[{"href":"https:\/\/plazajuarez.mx\/historico\/wp-json\/wp\/v2\/posts"}],"about":[{"href":"https:\/\/plazajuarez.mx\/historico\/wp-json\/wp\/v2\/types\/post"}],"author":[{"embeddable":true,"href":"https:\/\/plazajuarez.mx\/historico\/wp-json\/wp\/v2\/users\/93"}],"replies":[{"embeddable":true,"href":"https:\/\/plazajuarez.mx\/historico\/wp-json\/wp\/v2\/comments?post=119380"}],"version-history":[{"count":0,"href":"https:\/\/plazajuarez.mx\/historico\/wp-json\/wp\/v2\/posts\/119380\/revisions"}],"wp:attachment":[{"href":"https:\/\/plazajuarez.mx\/historico\/wp-json\/wp\/v2\/media?parent=119380"}],"wp:term":[{"taxonomy":"category","embeddable":true,"href":"https:\/\/plazajuarez.mx\/historico\/wp-json\/wp\/v2\/categories?post=119380"},{"taxonomy":"post_tag","embeddable":true,"href":"https:\/\/plazajuarez.mx\/historico\/wp-json\/wp\/v2\/tags?post=119380"}],"curies":[{"name":"wp","href":"https:\/\/api.w.org\/{rel}","templated":true}]}}