{"id":1192,"date":"2015-02-21T06:00:00","date_gmt":"2015-02-21T06:00:00","guid":{"rendered":"http:\/\/plazajuarez.mx\/index\/index.php\/2015\/02\/21\/jay-z-enfrenta-demanda-de-paternidad\/"},"modified":"2015-02-21T06:00:00","modified_gmt":"2015-02-21T06:00:00","slug":"jay-z-enfrenta-demanda-de-paternidad","status":"publish","type":"post","link":"https:\/\/plazajuarez.mx\/historico\/jay-z-enfrenta-demanda-de-paternidad\/","title":{"rendered":"Jay Z enfrenta demanda de paternidad"},"content":{"rendered":"<p><strong><span style=\"font-family: verdana,geneva; font-size: 10pt;\">Atr\u00e1s quedaron los rumores de una posible separaci\u00f3n entre Jay Z y Beyonc\u00e9; empero, una demanda contra el m\u00fasico podr\u00eda volver a eclipsar la relaci\u00f3n.<\/span><\/strong><\/p>\n<p>  <!--more-->  <\/p>\n<p>\u00a0<\/p>\n<p><span style=\"font-family: verdana,geneva; font-size: 10pt;\">Jay Z fue demandado por un joven de 21 a\u00f1os, quien asegura que el cantante, de 45 a\u00f1os, es su padre.<\/span><\/p>\n<p><span style=\"font-family: verdana,geneva; font-size: 10pt;\">La guardiana legal de RymirSatterthwaite, LillieColey, present\u00f3 en diciembre una demanda contra Jay Z, asegurando una relaci\u00f3n entre el esposo de Beyonc\u00e9 con otra mujer a inicios de la d\u00e9cada de los 90.<\/span><\/p>\n<p><span style=\"font-family: verdana,geneva; font-size: 10pt;\">La demanda civil, recogidos por la prensa, el padre de Blue Ivy (con Beyonc\u00e9), boicote\u00f3 todos los intentos de RymirSatterthwaite para demostrar su parentesco.<\/span><\/p>\n<p><span style=\"font-family: verdana,geneva; font-size: 10pt;\">Jay Z present\u00f3 informaci\u00f3n falsa ante el juzgado de Nueva Jersey para evitar someterse a una prueba de ADN. &#8220;Present\u00f3 una direcci\u00f3n falsa que hizo que el juez desestimara el caso al no tener jurisdicci\u00f3n para continuar adelante con el procedimiento&#8221;.<\/span><\/p>\n<p><span style=\"font-family: verdana,geneva; font-size: 10pt;\">&#8220;Ahora mismo no puedo hablar del tema. Planeamos hablar abiertamente muy pronto. Toda esta atenci\u00f3n nos ha tomado por sorpresa. No esper\u00e1bamos que nadie filtrara la informaci\u00f3n a la prensa. No est\u00e1bamos preparados para ello&#8221;, asegur\u00f3 LillieColey.<\/span><\/p>\n<p><span style=\"font-family: verdana,geneva; font-size: 10pt;\">La madre de RymirSatterthwaite, Wanda Satterthwaite, dice que el rapero es el padre del joven luego de que un resultado de paternidad con su anterior pareja diera negativo.<\/span><\/p>\n<p><span style=\"font-family: verdana,geneva; font-size: 10pt;\">No es la primera vez que el m\u00fasico se ve envuelto en una pol\u00e9mica similar. En el 2011 sali\u00f3 a la luz la noticia de que Jay Z se hab\u00eda convertido en padre junto a la modelo Shenelle Scott, una acusaci\u00f3n que \u00e9l neg\u00f3 y la calific\u00f3 como rid\u00edcula.<\/span><\/p>\n<p><span style=\"font-family: verdana,geneva; font-size: 10pt;\">Beyonc\u00e9 y Jay Z se casaron en el 2008. La pareja tiene una hija, Blue Ivy, de tres a\u00f1os.<\/span><\/p>\n<p><span style=\"font-family: verdana,geneva; font-size: 10pt;\">\u00a0<\/span><\/p>\n","protected":false},"excerpt":{"rendered":"<p>Atr\u00e1s quedaron los rumores de una posible separaci\u00f3n entre Jay Z y Beyonc\u00e9; empero, una demanda contra el m\u00fasico podr\u00eda volver a eclipsar la relaci\u00f3n.<\/p>\n","protected":false},"author":93,"featured_media":0,"comment_status":"open","ping_status":"open","sticky":false,"template":"","format":"standard","meta":{"footnotes":""},"categories":[38],"tags":[],"class_list":["post-1192","post","type-post","status-publish","format-standard","hentry","category-show"],"_links":{"self":[{"href":"https:\/\/plazajuarez.mx\/historico\/wp-json\/wp\/v2\/posts\/1192","targetHints":{"allow":["GET"]}}],"collection":[{"href":"https:\/\/plazajuarez.mx\/historico\/wp-json\/wp\/v2\/posts"}],"about":[{"href":"https:\/\/plazajuarez.mx\/historico\/wp-json\/wp\/v2\/types\/post"}],"author":[{"embeddable":true,"href":"https:\/\/plazajuarez.mx\/historico\/wp-json\/wp\/v2\/users\/93"}],"replies":[{"embeddable":true,"href":"https:\/\/plazajuarez.mx\/historico\/wp-json\/wp\/v2\/comments?post=1192"}],"version-history":[{"count":0,"href":"https:\/\/plazajuarez.mx\/historico\/wp-json\/wp\/v2\/posts\/1192\/revisions"}],"wp:attachment":[{"href":"https:\/\/plazajuarez.mx\/historico\/wp-json\/wp\/v2\/media?parent=1192"}],"wp:term":[{"taxonomy":"category","embeddable":true,"href":"https:\/\/plazajuarez.mx\/historico\/wp-json\/wp\/v2\/categories?post=1192"},{"taxonomy":"post_tag","embeddable":true,"href":"https:\/\/plazajuarez.mx\/historico\/wp-json\/wp\/v2\/tags?post=1192"}],"curies":[{"name":"wp","href":"https:\/\/api.w.org\/{rel}","templated":true}]}}