{"id":119142,"date":"2020-06-19T06:00:00","date_gmt":"2020-06-19T11:00:00","guid":{"rendered":"https:\/\/plazajuarez.mx\/?p=119142"},"modified":"2020-06-18T21:47:45","modified_gmt":"2020-06-19T02:47:45","slug":"opinion-10","status":"publish","type":"post","link":"https:\/\/plazajuarez.mx\/historico\/opinion-10\/","title":{"rendered":"OPINI\u00d3N"},"content":{"rendered":"\n<p><strong>Di\u00e1logo para la estabilidad<\/strong><\/p>\n\n\n\n<ul class=\"wp-block-list\"><li><strong>La l\u00ednea entre opini\u00f3n e injuria es en extremo delgada, la cr\u00edtica reflexiva y leg\u00edtima no debe nunca ser confundida por el vituperio<\/strong><\/li><\/ul>\n\n\n\n<p><strong><em>Por: Paola F\u00e9lix D\u00edaz &#8211; Activista, exdiputada Federal y actualmente directora del Fondo Mixto de Promoci\u00f3n Tur\u00edstica de la CDMX\u00a0<\/em><\/strong><\/p>\n\n\n\n<!--more-->\n\n\n\n<p>A todos los mexicanos: La libertad de expresi\u00f3n es uno de los principales pilares para la construcci\u00f3n y el fortalecimiento de la democracia; en el mundo moderno, constitucional y de derecho la libertad de expresi\u00f3n y opini\u00f3n son elementos fundamentales para la gobernanza, pretender sustituirlos por la inquina, la difamaci\u00f3n y la mentira con el fin de debilitar a las instituciones del Estado, siempre conlleva un alto costo para la sociedad. La pluralidad, la ant\u00edtesis argumentada y la capacidad de disentir con el \u00e1nimo de construir en un marco de respeto son las herramientas que generan equilibrios invaluables para impulsar el desarrollo y la paz.<\/p>\n\n\n\n<p>La l\u00ednea entre opini\u00f3n e injuria es en extremo delgada, la cr\u00edtica reflexiva y leg\u00edtima no debe nunca ser confundida por el vituperio, pues ello, se convierte en una daga que hiere con sa\u00f1a a los m\u00e1s altos valores e intereses nacionales. Nuestra historia nacional no es ajena a los arrebatos, vicios y mezquindades de la sin raz\u00f3n. Vale la pena traer a la memoria algunos acontecimientos aciagos ocurridos en los \u00faltimos tiempos, debido a la gravedad que reviste privilegiar el encono y el odio, en lugar de impulsar el di\u00e1logo pol\u00edtico que est\u00e9 a la altura de lo que el pa\u00eds merece.<\/p>\n\n\n\n<p>No podemos desde\u00f1ar las lecciones de la historia, Francisco I. Madero en su periodo presidencial tuvo una f\u00e9rrea opini\u00f3n opositora \u2014que no cr\u00edtica\u2014 por parte de aquellos que a\u00f1oraban los privilegios insultantes otorgados por el porfiriato.<\/p>\n\n\n\n<p>En nuestros d\u00edas han crecido las mentiras y difamaciones al amparo de la libertad de opini\u00f3n como una estrategia que pretende debilitar a las instituciones p\u00fablicas para socavar la legitimidad gubernamental, sostenida por la soberan\u00eda popular.<\/p>\n\n\n\n<p>La consigna es destruirlo todo e intentar recuperar el cascajo de las viejas edificaciones para intentar ponerlas en pie; el grito de reclamo es una demanda ileg\u00edtima, una expresi\u00f3n rabiosa que pretende acallar las leg\u00edtimas aspiraciones de millones de mexicanos que con la esperanza por estandarte apostaron por una transformaci\u00f3n. No hay propuesta, acci\u00f3n, gesto o anuncio, sea del orden que sea, que, en lugar de ser sometido a un an\u00e1lisis serio, pase por la descalificaci\u00f3n contumaz.<\/p>\n\n\n\n<p>Las lecciones del pasado nos han ense\u00f1ado que gracias a las luchas y al indomable esp\u00edritu libertario, nuestro pueblo no se rindi\u00f3 y no se rendir\u00e1 ante el reiterado escamoteo de los derechos y conquistas sociales.<\/p>\n\n\n\n<p>La Investidura presidencial es s\u00edmbolo de la fuerza estatal y el vigor ciudadano que pudo hacer triunfar a la democracia por sobre cualquier otra v\u00eda paralela para ejercer el poder p\u00fablico, por ello, pretender debilitarla es actuar con oportunismo rayano para hundir el dedo en la llaga de la incertidumbre y el miedo que provocados por el contexto sanitario y econ\u00f3mico mundial.<\/p>\n\n\n\n<p>Es tiempo de dejar atr\u00e1s las venganzas y reyertas. La unidad nacional, el di\u00e1logo constructivo y el consenso en lo fundamental son las premisas en las que todos los sectores del pa\u00eds debemos poner nuestro empe\u00f1o, particularmente ahora, en que la realidad actual no tiene parang\u00f3n en los \u00faltimos 100 a\u00f1os.<\/p>\n\n\n\n<p>Ya sea con el llamado &#8220;golpe blando&#8221; o a trav\u00e9s de la &#8220;revoluci\u00f3n de colores&#8221;, habr\u00e1 intentos por ejercer controles externos y generar condiciones para imponer modelos y estructuras pol\u00edticas, econ\u00f3micas, sociales y culturales que nos son extra\u00f1as e inconvenientes.<\/p>\n\n\n\n<p>El disenso es necesario e incluso deseable para alimentar el debate democr\u00e1tico que resulte en un di\u00e1logo reflexivo y constructivo. La prensa cr\u00edtica y las plumas incisivas son parte del aut\u00e9ntico ejercicio de la libertad y la democracia, no as\u00ed la palabra difamatoria o falsa.<\/p>\n\n\n\n<p>Afortunadamente en M\u00e9xico son una gran mayor\u00eda quienes ejercen con pasi\u00f3n, respeto, \u00e9tica y honestidad su vocaci\u00f3n por la comunicaci\u00f3n, la investigaci\u00f3n y la informaci\u00f3n, son m\u00e1s los medios, los periodistas, los analistas y los investigadores que esgrimen razones leg\u00edtimas y argumentos s\u00f3lidos como producto de la reflexi\u00f3n concienzuda que corresponde a las ciencias sociales en su conjunto.<\/p>\n\n\n\n<p>La vida democr\u00e1tica nacional tiene sus tiempos, sus normas y sus procesos; la ruta fue trazada por la mayor\u00eda de las y los mexicanos. El presidente de la Rep\u00fablica, se ir\u00e1 cuando haya cumplido su proyecto de naci\u00f3n, ni antes ni despu\u00e9s de lo que el mandato del pueblo soberano establezca y est\u00e1 previsto en la Constituci\u00f3n General de la Rep\u00fablica. Hoy es el momento de un di\u00e1logo para la estabilidad.<\/p>\n\n\n\n<p>Twitter: @LaraPaola1<\/p>\n","protected":false},"excerpt":{"rendered":"<p>Di\u00e1logo para la estabilidad La l\u00ednea entre opini\u00f3n e injuria es en extremo delgada, la cr\u00edtica reflexiva y leg\u00edtima no debe nunca ser confundida por el vituperio Por: Paola F\u00e9lix D\u00edaz &#8211; Activista, exdiputada Federal y actualmente directora del Fondo Mixto de Promoci\u00f3n Tur\u00edstica de la CDMX\u00a0<\/p>\n","protected":false},"author":81,"featured_media":0,"comment_status":"closed","ping_status":"open","sticky":false,"template":"","format":"standard","meta":{"footnotes":""},"categories":[42],"tags":[],"class_list":["post-119142","post","type-post","status-publish","format-standard","hentry","category-nuestrapalabra"],"_links":{"self":[{"href":"https:\/\/plazajuarez.mx\/historico\/wp-json\/wp\/v2\/posts\/119142","targetHints":{"allow":["GET"]}}],"collection":[{"href":"https:\/\/plazajuarez.mx\/historico\/wp-json\/wp\/v2\/posts"}],"about":[{"href":"https:\/\/plazajuarez.mx\/historico\/wp-json\/wp\/v2\/types\/post"}],"author":[{"embeddable":true,"href":"https:\/\/plazajuarez.mx\/historico\/wp-json\/wp\/v2\/users\/81"}],"replies":[{"embeddable":true,"href":"https:\/\/plazajuarez.mx\/historico\/wp-json\/wp\/v2\/comments?post=119142"}],"version-history":[{"count":0,"href":"https:\/\/plazajuarez.mx\/historico\/wp-json\/wp\/v2\/posts\/119142\/revisions"}],"wp:attachment":[{"href":"https:\/\/plazajuarez.mx\/historico\/wp-json\/wp\/v2\/media?parent=119142"}],"wp:term":[{"taxonomy":"category","embeddable":true,"href":"https:\/\/plazajuarez.mx\/historico\/wp-json\/wp\/v2\/categories?post=119142"},{"taxonomy":"post_tag","embeddable":true,"href":"https:\/\/plazajuarez.mx\/historico\/wp-json\/wp\/v2\/tags?post=119142"}],"curies":[{"name":"wp","href":"https:\/\/api.w.org\/{rel}","templated":true}]}}