{"id":119136,"date":"2020-06-19T06:00:00","date_gmt":"2020-06-19T11:00:00","guid":{"rendered":"https:\/\/plazajuarez.mx\/?p=119136"},"modified":"2020-06-18T21:49:11","modified_gmt":"2020-06-19T02:49:11","slug":"opinion-11","status":"publish","type":"post","link":"https:\/\/plazajuarez.mx\/historico\/opinion-11\/","title":{"rendered":"OPINI\u00d3N"},"content":{"rendered":"\n<p><strong>Fuerza excesiva de la polic\u00eda es un tema de salud mental<\/strong><\/p>\n\n\n\n<ul class=\"wp-block-list\"><li><strong>En el combate de estas pr\u00e1cticas, es imperativo priorizar la salud mental<\/strong><\/li><\/ul>\n\n\n\n<p><strong>Por: Saskia Ni\u00f1o de Rivera Cover &#8211; Presidenta y cofundadora de Reinserta A. C.<\/strong><\/p>\n\n\n\n<!--more-->\n\n\n\n<p>Aterrizaba en Guadalajara para entrevistar a Daniel Arizmendi, &#8220;El Mochaorejas&#8221;, un secuestrador que en los a\u00f1os 90 aterroriz\u00f3 a la ciudadan\u00eda por sus estrategias de cortar las orejas de sus v\u00edctimas para ejercer presi\u00f3n al momento de negociar un rescate. Era 2015. Por la naturaleza del perfil antisocial que tiene Arizmendi, estaba un poco m\u00e1s nerviosa de lo com\u00fan por la entrevista y estaba retra\u00edda, tratando de prepararme emocionalmente.&nbsp;<\/p>\n\n\n\n<p>Pasaron por nosotras unos elementos de la Unidad Especializada Contra el Secuestro, quienes ten\u00edan la encomienda de llevarnos al penal de Puente Grande y esperarnos. Una colega crimin\u00f3loga iba conmigo: M\u00f3nica, quien comenz\u00f3 la conversaci\u00f3n con los agentes. Yo me puse mis aud\u00edfonos pretendiendo no escuchar. Iba concentrada en lo que vendr\u00eda.<\/p>\n\n\n\n<p>&#8220;C\u00f3mo van las cosas aqu\u00ed en Guadalajara&#8221;, pregunt\u00f3 M\u00f3nica. &#8220;Complicadas&#8221;, contest\u00f3 uno de ellos. &#8220;F\u00edjese que tuvimos ahorita dos semanas de negociar un secuestro de una ni\u00f1a de 12 a\u00f1os. Un secuestro complicado, muy violento&#8221;, continu\u00f3. Los secuestradores amenazaban con violar y matar a la v\u00edctima, nos dijo. &#8220;Amenazaban con hacerla cachitos y mandarla a sus familiares por partes, si no se pagaba el monto solicitado&#8221;, narraba. Los dos elementos cuentan c\u00f3mo pudieron hacer investigaci\u00f3n de geolocalizaci\u00f3n durante el cautiverio y &#8220;apenas hace tres d\u00edas pudimos agarrar al hijo de la chingada del secuestrador. Lo hubiera visto, un chaparrito todo cobarde. Ya se imaginar\u00e1 c\u00f3mo le fue. Muy ching\u00f3n diciendo pura pendejada en el tel\u00e9fono; cobarde&#8221;, sigui\u00f3. &#8220;Santa madriza que le metimos cuando lo detuvimos. Imag\u00ednese que no lo hemos podido ni presentar&#8221;, termin\u00f3 el relato.<\/p>\n\n\n\n<p>***<\/p>\n\n\n\n<p>Llev\u00e1bamos varios meses viajando a distintos penales para trabajar en el &#8220;Perfil de Secuestradores&#8221;, un proyecto psicosocial de los plagiarios del pa\u00eds para la creaci\u00f3n de proyectos preventivos que contribuyan a erradicar el secuestro. La prueba de Estambul \u2014que determina tortura en los procesos\u2014 era la constante en las historias de los hombres m\u00e1s violentos. La estrategia entre ellos es simple: comprueban tortura en la detenci\u00f3n y el proceso se ca\u00eda por fallas en el debido proceso. Para presuntos secuestradores como Cesar Freyre, acusado del secuestro de Hugo Alberto Wallace, esa era su llave de salida de prisi\u00f3n. As\u00ed, aunque sus manos est\u00e9n ba\u00f1adas en sangre, con buenos abogados, la libertad est\u00e1 a la vuelta de la esquina.&nbsp;<\/p>\n\n\n\n<p>Estaba fr\u00eda con el relato de los agentes antisecuestro. \u00bfC\u00f3mo pod\u00eda ser que los polic\u00edas que negociaron el plagio fueron los encargados de detener y presentar a los presuntos responsables? \u00bfC\u00f3mo puede ser que se hable de casas de arraigo clandestinas con tal normalidad, &#8220;para que se le bajen los golpes y entonces poderlo presentar?&#8221; \u00bfNo se daban cuenta que al golpearlo o torturarlos le estaban dando las herramientas para salir libre? \u00bfC\u00f3mo pod\u00eda ser posible que las personas certificadas para salvaguardar la paz y la justicia en nuestro pa\u00eds violenten los procesos, bajo un sistema de impunidad y corrupci\u00f3n sistematizada?<\/p>\n\n\n\n<p>De ese 2015 a este 2020, tristemente muy poco ha cambiado.&nbsp;<\/p>\n\n\n\n<p>***<\/p>\n\n\n\n<p>Las puertas giratorias del sistema de justicia tienen sus cimientos en pr\u00e1cticas ilegales que lejos de crear justicia para las v\u00edctimas, perjudican la integridad de los mexicanos. Hace unos d\u00edas fue Giovanni y Alexander; asesinados por la &#8220;mano dura de la polic\u00eda&#8221;, por el abuso policial. Hoy m\u00e1s que nunca es urgente combatir las pr\u00e1cticas &#8220;extrajudiciales&#8221; de nuestras polic\u00edas, que lejos de ayudar a construir un M\u00e9xico en paz, suman al pa\u00eds violento que hoy sufrimos.&nbsp;<\/p>\n\n\n\n<p>En el combate de estas pr\u00e1cticas, es imperativo priorizar la salud mental. Mientras escuchaba a los elementos aquel d\u00eda hablar, ir\u00f3nicamente sent\u00eda cierta compasi\u00f3n hacia ellos. Hac\u00edan lo que pod\u00edan con las pocas o nulas herramientas que ten\u00edan. El enojo, la impotencia y la violencia ya eran mecanismos de defensas adoptados para salvaguardar su &#8220;salud mental&#8221;. Nuestros polic\u00edas est\u00e1n expuestos todos los d\u00edas al m\u00e1ximo nivel de violencia, impunidad y corrupci\u00f3n, y el nulo apoyo psicol\u00f3gico que reciben tambi\u00e9n ha borrado en no pocas ocasiones, la l\u00ednea entre el bien y el mal.&nbsp;<\/p>\n","protected":false},"excerpt":{"rendered":"<p>Fuerza excesiva de la polic\u00eda es un tema de salud mental En el combate de estas pr\u00e1cticas, es imperativo priorizar la salud mental Por: Saskia Ni\u00f1o de Rivera Cover &#8211; Presidenta y cofundadora de Reinserta A. C.<\/p>\n","protected":false},"author":81,"featured_media":0,"comment_status":"closed","ping_status":"open","sticky":false,"template":"","format":"standard","meta":{"footnotes":""},"categories":[42],"tags":[],"class_list":["post-119136","post","type-post","status-publish","format-standard","hentry","category-nuestrapalabra"],"_links":{"self":[{"href":"https:\/\/plazajuarez.mx\/historico\/wp-json\/wp\/v2\/posts\/119136","targetHints":{"allow":["GET"]}}],"collection":[{"href":"https:\/\/plazajuarez.mx\/historico\/wp-json\/wp\/v2\/posts"}],"about":[{"href":"https:\/\/plazajuarez.mx\/historico\/wp-json\/wp\/v2\/types\/post"}],"author":[{"embeddable":true,"href":"https:\/\/plazajuarez.mx\/historico\/wp-json\/wp\/v2\/users\/81"}],"replies":[{"embeddable":true,"href":"https:\/\/plazajuarez.mx\/historico\/wp-json\/wp\/v2\/comments?post=119136"}],"version-history":[{"count":0,"href":"https:\/\/plazajuarez.mx\/historico\/wp-json\/wp\/v2\/posts\/119136\/revisions"}],"wp:attachment":[{"href":"https:\/\/plazajuarez.mx\/historico\/wp-json\/wp\/v2\/media?parent=119136"}],"wp:term":[{"taxonomy":"category","embeddable":true,"href":"https:\/\/plazajuarez.mx\/historico\/wp-json\/wp\/v2\/categories?post=119136"},{"taxonomy":"post_tag","embeddable":true,"href":"https:\/\/plazajuarez.mx\/historico\/wp-json\/wp\/v2\/tags?post=119136"}],"curies":[{"name":"wp","href":"https:\/\/api.w.org\/{rel}","templated":true}]}}