{"id":119133,"date":"2020-06-19T06:00:00","date_gmt":"2020-06-19T11:00:00","guid":{"rendered":"https:\/\/plazajuarez.mx\/?p=119133"},"modified":"2020-06-18T21:52:35","modified_gmt":"2020-06-19T02:52:35","slug":"desaparicion-de-conapred-retroceso","status":"publish","type":"post","link":"https:\/\/plazajuarez.mx\/historico\/desaparicion-de-conapred-retroceso\/","title":{"rendered":"\u201cDesaparici\u00f3n de Conapred, retroceso\u201d"},"content":{"rendered":"\n<ul class=\"wp-block-list\"><li><strong>Asimismo, coloca en mayor vulnerabilidad a las poblaciones m\u00e1s discriminadas en M\u00e9xico<\/strong><\/li><\/ul>\n\n\n\n<!--more-->\n\n\n\n<p>Durante su visita a Hidalgo, el ejecutivo federal, Andr\u00e9s Manuel L\u00f3pez Obrador se declar\u00f3 a favor de la desaparici\u00f3n del Consejo Nacional para Prevenir la Discriminaci\u00f3n (Conapred). Ante esto, la directora ejecutiva de Servicios de Inclusi\u00f3n Integral y Derechos Humanos Asociaci\u00f3n Civil (Seiinac), Diana Avil\u00e9s Quezada dijo, \u201cser\u00eda un retroceso para la garant\u00eda de los derechos humanos sobre todo de las poblaciones m\u00e1s discriminadas de este pa\u00eds\u201d.<\/p>\n\n\n\n<p>\u201cEn un pa\u00eds donde al menos 5 de cada 10 personas afirma haber sido discriminada por su apariencia f\u00edsica y donde existen altos niveles de discriminaci\u00f3n por g\u00e9neros, creencia religiosa, origen tenido, orientaci\u00f3n sexual y otras tantas condiciones m\u00e1s, son lamentables las declaraciones del ejecutivo, claramente esta postura invisibiliza los esfuerzos y avances que este pa\u00eds ha dado en t\u00e9rminos del derecho a la no discriminaci\u00f3n\u201d, declar\u00f3 Avil\u00e9s Quezada.<\/p>\n\n\n\n<p>\u201cAlgo que no debe olvidar el ejecutivo es que los derechos humanos deben ampliarse y al intentar desaparecer esta instancia dedicada exclusivamente a atender este problema tan hist\u00f3ricamente arraigado en nuestro pa\u00eds, coloca en mayor vulnerabilidad a las poblaciones que m\u00e1s lo necesitan en M\u00e9xico\u201d, indic\u00f3 la directora de Seiinac.<\/p>\n\n\n\n<p>Al respecto de que Secretar\u00eda de Gobernaci\u00f3n sea quien atienda lo referente al racismo y discriminaci\u00f3n, Avil\u00e9s se\u00f1al\u00f3 que s\u00ed es necesario que exista otro organismo que atienda y trabaje en su erradicaci\u00f3n, pues desde esa instituci\u00f3n ya se atienden otros asuntos prioritarios en el pa\u00eds.<\/p>\n","protected":false},"excerpt":{"rendered":"<p>Asimismo, coloca en mayor vulnerabilidad a las poblaciones m\u00e1s discriminadas en M\u00e9xico<\/p>\n","protected":false},"author":93,"featured_media":0,"comment_status":"closed","ping_status":"open","sticky":false,"template":"","format":"standard","meta":{"footnotes":""},"categories":[59],"tags":[],"class_list":["post-119133","post","type-post","status-publish","format-standard","hentry","category-general"],"_links":{"self":[{"href":"https:\/\/plazajuarez.mx\/historico\/wp-json\/wp\/v2\/posts\/119133","targetHints":{"allow":["GET"]}}],"collection":[{"href":"https:\/\/plazajuarez.mx\/historico\/wp-json\/wp\/v2\/posts"}],"about":[{"href":"https:\/\/plazajuarez.mx\/historico\/wp-json\/wp\/v2\/types\/post"}],"author":[{"embeddable":true,"href":"https:\/\/plazajuarez.mx\/historico\/wp-json\/wp\/v2\/users\/93"}],"replies":[{"embeddable":true,"href":"https:\/\/plazajuarez.mx\/historico\/wp-json\/wp\/v2\/comments?post=119133"}],"version-history":[{"count":0,"href":"https:\/\/plazajuarez.mx\/historico\/wp-json\/wp\/v2\/posts\/119133\/revisions"}],"wp:attachment":[{"href":"https:\/\/plazajuarez.mx\/historico\/wp-json\/wp\/v2\/media?parent=119133"}],"wp:term":[{"taxonomy":"category","embeddable":true,"href":"https:\/\/plazajuarez.mx\/historico\/wp-json\/wp\/v2\/categories?post=119133"},{"taxonomy":"post_tag","embeddable":true,"href":"https:\/\/plazajuarez.mx\/historico\/wp-json\/wp\/v2\/tags?post=119133"}],"curies":[{"name":"wp","href":"https:\/\/api.w.org\/{rel}","templated":true}]}}