{"id":119132,"date":"2020-06-19T06:00:00","date_gmt":"2020-06-19T11:00:00","guid":{"rendered":"https:\/\/plazajuarez.mx\/?p=119132"},"modified":"2020-06-18T21:50:45","modified_gmt":"2020-06-19T02:50:45","slug":"empresarios-aliados-del-gobierno","status":"publish","type":"post","link":"https:\/\/plazajuarez.mx\/historico\/empresarios-aliados-del-gobierno\/","title":{"rendered":"Empresarios, aliados del gobierno"},"content":{"rendered":"\n<ul class=\"wp-block-list\"><li><strong>\u201cEstaremos cerca y nos coordinaremos junto con el gobierno estatal para evitar que las empresas no sean multadas\u201d, comenta Ricardo Rivera<\/strong><\/li><\/ul>\n\n\n\n<!--more-->\n\n\n\n<p>El presidente de la Confederaci\u00f3n Patronal de la Rep\u00fablica Mexicana (Coparmex) en Hidalgo, Ricardo Rivera Barqu\u00edn, manifest\u00f3 la intenci\u00f3n de trabajar de cerca con el gobierno estatal para el tema del reinicio de las actividades econ\u00f3micas, el cual refiri\u00f3 que se tiene que realizar de la forma m\u00e1s responsable para salvaguardar la salud de toda la poblaci\u00f3n.&nbsp;<\/p>\n\n\n\n<p>Bajo esta misma tesitura, el representante patronal en el estado declar\u00f3 que se realizar\u00e1n acercamientos con los tres niveles de gobierno para solicitar asesor\u00edas, esto con el objetivo de que con el comienzo de la llamada \u201cnueva normalidad\u201d las empresas del estado puedan reabrir sus puertas, tomando en cuenta las consideraciones por parte del Sector Salud.&nbsp;<\/p>\n\n\n\n<p>Remarc\u00f3 en la importancia de que las empresas puedan aplicar cada una de las disposiciones oficiales en cuanto a seguridad e higiene para cuidar de la salud, no solo de los trabajadores y los colaboradores, sino tambi\u00e9n de los consumidores.<\/p>\n\n\n\n<p>\u201cNosotros hemos de estar cerca con las autoridades para que esto no se convierta en temas de multas para el sector empresarial, sino que haya una coordinaci\u00f3n entre autoridades y las empresas, los negocios y los emprendedores para que podamos cumplir en forma y en tiempos con estos lineamientos\u201d, dijo.&nbsp;<\/p>\n\n\n\n<p>As\u00ed mismo, asever\u00f3 que hay un compromiso por parte del sector productivo para que estos mecanismos que se implementen por parte de las autoridades se respeten, ello en las empresas que, a consideraci\u00f3n del gobierno estatal, son las que ya pueden reiniciar sus operaciones.<\/p>\n","protected":false},"excerpt":{"rendered":"<p>\u201cEstaremos cerca y nos coordinaremos junto con el gobierno estatal para evitar que las empresas no sean multadas\u201d, comenta Ricardo Rivera<\/p>\n","protected":false},"author":93,"featured_media":0,"comment_status":"closed","ping_status":"open","sticky":false,"template":"","format":"standard","meta":{"footnotes":""},"categories":[59],"tags":[],"class_list":["post-119132","post","type-post","status-publish","format-standard","hentry","category-general"],"_links":{"self":[{"href":"https:\/\/plazajuarez.mx\/historico\/wp-json\/wp\/v2\/posts\/119132","targetHints":{"allow":["GET"]}}],"collection":[{"href":"https:\/\/plazajuarez.mx\/historico\/wp-json\/wp\/v2\/posts"}],"about":[{"href":"https:\/\/plazajuarez.mx\/historico\/wp-json\/wp\/v2\/types\/post"}],"author":[{"embeddable":true,"href":"https:\/\/plazajuarez.mx\/historico\/wp-json\/wp\/v2\/users\/93"}],"replies":[{"embeddable":true,"href":"https:\/\/plazajuarez.mx\/historico\/wp-json\/wp\/v2\/comments?post=119132"}],"version-history":[{"count":0,"href":"https:\/\/plazajuarez.mx\/historico\/wp-json\/wp\/v2\/posts\/119132\/revisions"}],"wp:attachment":[{"href":"https:\/\/plazajuarez.mx\/historico\/wp-json\/wp\/v2\/media?parent=119132"}],"wp:term":[{"taxonomy":"category","embeddable":true,"href":"https:\/\/plazajuarez.mx\/historico\/wp-json\/wp\/v2\/categories?post=119132"},{"taxonomy":"post_tag","embeddable":true,"href":"https:\/\/plazajuarez.mx\/historico\/wp-json\/wp\/v2\/tags?post=119132"}],"curies":[{"name":"wp","href":"https:\/\/api.w.org\/{rel}","templated":true}]}}