{"id":119127,"date":"2020-06-19T06:00:00","date_gmt":"2020-06-19T11:00:00","guid":{"rendered":"https:\/\/plazajuarez.mx\/?p=119127"},"modified":"2020-06-18T21:54:55","modified_gmt":"2020-06-19T02:54:55","slug":"dese-por-enterado-724","status":"publish","type":"post","link":"https:\/\/plazajuarez.mx\/historico\/dese-por-enterado-724\/","title":{"rendered":"DESE POR ENTERADO"},"content":{"rendered":"\n<p><strong>EL PRESIDENTE NO RECIBI\u00d3 AL PRESIDENTE.-<\/strong> Nadam\u00e1s vieron que Arturo Herrera Guti\u00e9rrez, Secretario de Hacienda, acompa\u00f1aba al Presidente de la Rep\u00fablica, Andr\u00e9s Manuel L\u00f3pez Obrador, las esperanzas del tambi\u00e9n Presidente, pero del Patronato Universitario, de que ser\u00eda recibido para que le enterara de la \u201c\u00fanica y absoluta verdad del Caso de la Cuenta Suiza en el Banco de Segundo Piso\u201d, cay\u00f3 por los suelos. Ya listo para anunciar que el Jefe de la Naci\u00f3n hasta lo hab\u00eda invitado a su visita luego de girar instrucciones fulminantes para que Santiago Nieto fuera despedido de la Unidad de Inteligencia Financiera por ofender con sus sospechas al Santo Patrono, Sosa Castel\u00e1n y compa\u00f1\u00eda elaboran con car\u00e1cter de urgente un nuevo plan\u2026 aunque no se sabe si de huida o de qu\u00e9.<\/p>\n\n\n\n<hr class=\"wp-block-separator\"\/>\n\n\n\n<p><strong>LES VA A CAER LA JUSTICIA A DOS ALCALDES Y UN EX ALCALDE.-<\/strong> Otros que andan como la mu\u00f1eca fea: escondi\u00e9ndose por los rincones, son los alcaldes de Zimap\u00e1n, Erick Marte Villanueva; de Ixmiquilpan, Pascual Charrez, y el ex del mismo ayuntamiento, Cipriano que est\u00e1 en la c\u00e1rcel. Luego de que el gobernador Fayad dio a conocer ante el Presidente de la Rep\u00fablica que se les liga a graves delitos. vienen momentos m\u00e1s que complicados para los mismos, de tal modo que no le extra\u00f1e que en breve compartan celda con Cipriano. Va en serio.<\/p>\n\n\n\n<hr class=\"wp-block-separator\"\/>\n\n\n\n<p><strong>ABRAZO Y BUEN VIAJE TO\u00d1O MEZA.-<\/strong> Ayer muri\u00f3 Antonio Meza, To\u00f1o para quienes lo conocieron de cerca. Fue Coordinador de Comunicaci\u00f3n Social en la administraci\u00f3n del ex gobernador, Francisco Olvera Ruiz. Un hombre amable sin duda, un buen hombre que siempre tuvo como eje central de su vida velar por la educaci\u00f3n de su hijas. Todos los seres humanos enfrentan la existencia de diferentes maneras, no hay recetas que garanticen buenos o malos resultados. Al final de cuentas la b\u00fasqueda de la felicidad es un camino que cada uno inventa, construye. To\u00f1o Meza se fue ayer, y por muchas razones le deseamos que en este viaje de regreso a la Casa del Padre, y que todos realizaremos tarde o temprano, le acompa\u00f1e el cari\u00f1o de su familia y el amable recuerdo que deja en quienes lo conocieron.&nbsp;<\/p>\n\n\n\n<hr class=\"wp-block-separator\"\/>\n\n\n\n<p><strong>REAPARECE ISRAEL F\u00c9LIX.-<\/strong> El ex secretario de la Pol\u00edtica P\u00fablica del gobierno estatal, reapareci\u00f3 a trav\u00e9s de un video en que expone su preocupaci\u00f3n por los efectos del Covid-19 en la poblaci\u00f3n de la entidad, especialmente entre los habitantes de Mineral de la Reforma. Se observa un buen trabajo en la grabaci\u00f3n y edici\u00f3n del documento gr\u00e1fico que circula en redes sociales, y no hay que ser un experto en materia pol\u00edtica para entender que es su forma de levantar la mano y anunciar que est\u00e1 listo para participar en las elecciones de alcaldes, aunque todav\u00eda no hay fecha exacta para que \u00e9stas se lleven a cabo. F\u00e9lix ha logrado crear una imagen de joven pol\u00edtico con car\u00e1cter y capacidad para decidir.&nbsp;<\/p>\n\n\n\n<hr class=\"wp-block-separator\"\/>\n\n\n\n<p><strong><em>Aviso para que no digan: Esa columna se nutre de comentarios recabados en agencias del Recontra-Espionaje, muy similares a las que populariz\u00f3 el \u201cS\u00faper Agente 86\u201d en sus tiempos. Como tal, usted est\u00e1 en libertad de creer o no lo que lee, recontra-enojarse, recontra-carcajearse y hasta recontra-recordarnos a nuestra jefecita (nosotros recontra-hacemos lo propio). Avisado est\u00e1 usted.<\/em><\/strong><\/p>\n\n\n\n<p>Dudas y comentarios:<\/p>\n\n\n\n<p><a href=\"mailto:desexenterado@gmail.com\">desexenterado@gmail.com<\/a><\/p>\n\n\n\n<p>@desexenterado<\/p>\n","protected":false},"excerpt":{"rendered":"<p>EL PRESIDENTE NO RECIBI\u00d3 AL PRESIDENTE.- Nadam\u00e1s vieron que Arturo Herrera Guti\u00e9rrez, Secretario de Hacienda, acompa\u00f1aba al Presidente de la Rep\u00fablica, Andr\u00e9s Manuel L\u00f3pez Obrador, las esperanzas del tambi\u00e9n Presidente, pero del Patronato Universitario, de que ser\u00eda recibido para que le enterara de la \u201c\u00fanica y absoluta verdad del Caso de la Cuenta Suiza en [&hellip;]<\/p>\n","protected":false},"author":93,"featured_media":0,"comment_status":"closed","ping_status":"open","sticky":false,"template":"","format":"standard","meta":{"footnotes":""},"categories":[83],"tags":[],"class_list":["post-119127","post","type-post","status-publish","format-standard","hentry","category-dese-por-enterado"],"_links":{"self":[{"href":"https:\/\/plazajuarez.mx\/historico\/wp-json\/wp\/v2\/posts\/119127","targetHints":{"allow":["GET"]}}],"collection":[{"href":"https:\/\/plazajuarez.mx\/historico\/wp-json\/wp\/v2\/posts"}],"about":[{"href":"https:\/\/plazajuarez.mx\/historico\/wp-json\/wp\/v2\/types\/post"}],"author":[{"embeddable":true,"href":"https:\/\/plazajuarez.mx\/historico\/wp-json\/wp\/v2\/users\/93"}],"replies":[{"embeddable":true,"href":"https:\/\/plazajuarez.mx\/historico\/wp-json\/wp\/v2\/comments?post=119127"}],"version-history":[{"count":0,"href":"https:\/\/plazajuarez.mx\/historico\/wp-json\/wp\/v2\/posts\/119127\/revisions"}],"wp:attachment":[{"href":"https:\/\/plazajuarez.mx\/historico\/wp-json\/wp\/v2\/media?parent=119127"}],"wp:term":[{"taxonomy":"category","embeddable":true,"href":"https:\/\/plazajuarez.mx\/historico\/wp-json\/wp\/v2\/categories?post=119127"},{"taxonomy":"post_tag","embeddable":true,"href":"https:\/\/plazajuarez.mx\/historico\/wp-json\/wp\/v2\/tags?post=119127"}],"curies":[{"name":"wp","href":"https:\/\/api.w.org\/{rel}","templated":true}]}}