{"id":1191,"date":"2015-02-21T06:00:00","date_gmt":"2015-02-21T06:00:00","guid":{"rendered":"http:\/\/plazajuarez.mx\/index\/index.php\/2015\/02\/21\/tulancingo-municipio-con-mas-apoyo-del-inaes-en-el-pais\/"},"modified":"2015-02-21T06:00:00","modified_gmt":"2015-02-21T06:00:00","slug":"tulancingo-municipio-con-mas-apoyo-del-inaes-en-el-pais","status":"publish","type":"post","link":"https:\/\/plazajuarez.mx\/historico\/tulancingo-municipio-con-mas-apoyo-del-inaes-en-el-pais\/","title":{"rendered":"Tulancingo, municipio con m\u00e1s apoyo del INAES en el pa\u00eds"},"content":{"rendered":"<p><span style=\"font-family: verdana,geneva; font-size: 10pt;\"><strong>Tulancingo <\/strong><\/span><\/p>\n<p><strong><span style=\"font-family: verdana,geneva; font-size: 10pt;\">\u00a0En el marco de la Cruzada Nacional contra el Hambre fueron certificados los 166 comit\u00e9s conformados en el municipio de Tulancingo; adem\u00e1s de llevarse a cabo el primer encuentro de productores sociales apoyados por el Instituto Nacional de la Econom\u00eda Social (INAES), beneficiando a 34 tulancinguenses respecto al impulso empresarial e iniciaci\u00f3n de su propio negocio.<\/span><\/strong><\/p>\n<p>  <!--more-->  <\/p>\n<p>\u00a0<\/p>\n<p><span style=\"font-family: verdana,geneva; font-size: 10pt;\">\u00a0<\/span><\/p>\n<p><span style=\"font-family: verdana,geneva; font-size: 10pt;\">Tambi\u00e9n llamada \u201cLa feria del emprendedor en Tulancingo\u201d, el evento se llev\u00f3 a cabo la ma\u00f1ana del jueves, en el jard\u00edn La Floresta, con la anfitron\u00eda de la Secretar\u00eda de Fomento Econ\u00f3mico del municipio; la cual, en compa\u00f1\u00eda de diversos funcionarios del gobierno federal y estatal, quienes dieron a conocer los beneficios otorgados en 2014, por parte del INAES.<\/span><\/p>\n<p><span style=\"font-family: verdana,geneva; font-size: 10pt;\">\u00a0<\/span><\/p>\n<p><span style=\"font-family: verdana,geneva; font-size: 10pt;\">Asimismo, estuvieron instalados en el lugar 30 de los 34 negocios beneficiados por el INAES, exponiendo sus productos y servicios.<\/span><\/p>\n<p><span style=\"font-family: verdana,geneva; font-size: 10pt;\">\u00a0<\/span><\/p>\n<p><span style=\"font-family: verdana,geneva; font-size: 10pt;\">Durante el protocolo, en el que estuvieron presentes diferentes delegados del Gobierno Federal en el estado, Citlalli Jaramillo Ram\u00edrez, delegada de INAES en Hidalgo, inform\u00f3 que el presupuesto aplicado en el a\u00f1o pasado tuvo un aumento del 22%, en comparaci\u00f3n con el 2013; alcanzando una cifra de 75 millones 940 mil pesos destinados en beneficio a los emprendedores de la entidad; beneficiando de manera directa a 556 personas.<\/span><\/p>\n<p><span style=\"font-family: verdana,geneva; font-size: 10pt;\">\u00a0<\/span><\/p>\n<p><span style=\"font-family: verdana,geneva; font-size: 10pt;\">El secretario de Fomento Econ\u00f3mico en el municipio, Sinuh\u00e9 Jorge Aldrete, destac\u00f3 que Tulancingo es uno de los municipios con mayor inversi\u00f3n emitida por el INAES, ya que se invirtieron cerca de ocho millones de pesos para 34 proyectos de esta regi\u00f3n. Sin embargo, refiri\u00f3 la necesidad de apoyar en mayor medida al micro empresario, no s\u00f3lo en materia econ\u00f3mica, sino en promoci\u00f3n.<\/span><\/p>\n<p><span style=\"font-family: verdana,geneva; font-size: 10pt;\">\u00a0<\/span><\/p>\n<p><span style=\"font-family: verdana,geneva; font-size: 10pt;\">Una vez desarrollado el proyecto y que se tiene el producto, dijo, se necesita ser el v\u00ednculo y propiciar mesas de negociaci\u00f3n con empresas de servicio, donde se puedan colocar los diversos materiales que los innovadores han llevado al mercado.<\/span><\/p>\n<p><span style=\"font-family: verdana,geneva; font-size: 10pt;\">\u00a0<\/span><\/p>\n<p><span style=\"font-family: verdana,geneva; font-size: 10pt;\">Por tal motivo, el secretario, record\u00f3 que los expositores tendr\u00e1s espacios para exhibir y vender sus productos, en diversas ferias que realizar\u00e1n en algunas delegaciones del Distrito Federal, as\u00ed como en la Expo Feria de Tulancingo.<\/span><\/p>\n<p><span style=\"font-family: verdana,geneva; font-size: 10pt;\">\u00a0<\/span><\/p>\n<p><span style=\"font-family: verdana,geneva; font-size: 10pt;\">Finalmente, Octavio Illescas, productor de hongo seta y uno de los beneficiados de INAES en 2014 presentes en este evento, comparti\u00f3 la experiencia de lograr que su producto alcanzara comercializaci\u00f3n a nivel nacional; asegurando que participar\u00eda de nueva cuenta con al INAES a futuro, para obtener otro tipo de beneficios.<\/span><\/p>\n","protected":false},"excerpt":{"rendered":"<p>Tulancingo \u00a0En el marco de la Cruzada Nacional contra el Hambre fueron certificados los 166 comit\u00e9s conformados en el municipio de Tulancingo; adem\u00e1s de llevarse a cabo el primer encuentro de productores sociales apoyados por el Instituto Nacional de la Econom\u00eda Social (INAES), beneficiando a 34 tulancinguenses respecto al impulso empresarial e iniciaci\u00f3n de su [&hellip;]<\/p>\n","protected":false},"author":93,"featured_media":0,"comment_status":"open","ping_status":"open","sticky":false,"template":"","format":"standard","meta":{"footnotes":""},"categories":[40],"tags":[],"class_list":["post-1191","post","type-post","status-publish","format-standard","hentry","category-region"],"_links":{"self":[{"href":"https:\/\/plazajuarez.mx\/historico\/wp-json\/wp\/v2\/posts\/1191","targetHints":{"allow":["GET"]}}],"collection":[{"href":"https:\/\/plazajuarez.mx\/historico\/wp-json\/wp\/v2\/posts"}],"about":[{"href":"https:\/\/plazajuarez.mx\/historico\/wp-json\/wp\/v2\/types\/post"}],"author":[{"embeddable":true,"href":"https:\/\/plazajuarez.mx\/historico\/wp-json\/wp\/v2\/users\/93"}],"replies":[{"embeddable":true,"href":"https:\/\/plazajuarez.mx\/historico\/wp-json\/wp\/v2\/comments?post=1191"}],"version-history":[{"count":0,"href":"https:\/\/plazajuarez.mx\/historico\/wp-json\/wp\/v2\/posts\/1191\/revisions"}],"wp:attachment":[{"href":"https:\/\/plazajuarez.mx\/historico\/wp-json\/wp\/v2\/media?parent=1191"}],"wp:term":[{"taxonomy":"category","embeddable":true,"href":"https:\/\/plazajuarez.mx\/historico\/wp-json\/wp\/v2\/categories?post=1191"},{"taxonomy":"post_tag","embeddable":true,"href":"https:\/\/plazajuarez.mx\/historico\/wp-json\/wp\/v2\/tags?post=1191"}],"curies":[{"name":"wp","href":"https:\/\/api.w.org\/{rel}","templated":true}]}}