{"id":119098,"date":"2020-06-19T06:00:00","date_gmt":"2020-06-19T11:00:00","guid":{"rendered":"https:\/\/plazajuarez.mx\/?p=119098"},"modified":"2020-06-18T21:07:47","modified_gmt":"2020-06-19T02:07:47","slug":"nuevas-criticas-del-deporte-hacia-amlo","status":"publish","type":"post","link":"https:\/\/plazajuarez.mx\/historico\/nuevas-criticas-del-deporte-hacia-amlo\/","title":{"rendered":"Nuevas cr\u00edticas del deporte hacia AMLO"},"content":{"rendered":"\n<ul class=\"wp-block-list\"><li><strong>El t\u00e9cnico campe\u00f3n del mundo con la Sub-17 en el 2011, se\u00f1al\u00f3 al Presidente en redes<\/strong><\/li><\/ul>\n\n\n\n<!--more-->\n\n\n\n<p>(EL UNIVERSAL).- Ra\u00fal &#8220;Potro&#8221; Guti\u00e9rrez se sum\u00f3 a los personajes del deporte que han criticado al presidente Andr\u00e9s Manuel L\u00f3pez Obrador por las acciones durante su gesti\u00f3n y sus declaraciones.<\/p>\n\n\n\n<p>El t\u00e9cnico campe\u00f3n del mundo con la Sub 17 en el 2011, se\u00f1al\u00f3 en redes sociales: &#8220;Vivillo desde chiquillo&#8221; Hoy @lopezobrador_APLICA LA CL\u00c1SICA: C\u00f3mo??!!! Yo ni la conozco!!! Para hacer creer a la gente que \u00e9l no mand\u00f3 censurar a @ChumelTorres les digo&#8230; Esa se la vimos a L\u00f3pez Portillo&#8221;.<\/p>\n\n\n\n<p>Todo esto despu\u00e9s de que AMLO diera a entender que desconoc\u00eda al Conapred.<\/p>\n\n\n\n<p>Pero el &#8220;Potro&#8221; no es el \u00fanico que ha estado en desacuerdo con L\u00f3pez Obrador.<\/p>\n\n\n\n<p>Tambi\u00e9n Javier &#8220;Chicharito&#8221; Hern\u00e1ndez expres\u00f3 su opini\u00f3n sobre el trabajo del actual presidente. &#8220;Hay much\u00edsimo m\u00e1s que puede hacer, y yo s\u00ed creo que se podr\u00eda decir que en vez de ir para adelante, vamos un poco hacia atr\u00e1s&#8221;, se\u00f1al\u00f3 en entrevista con Jorge Ramos.<\/p>\n\n\n\n<p>Y desde Espa\u00f1a, quien critic\u00f3 al presidente fue Javier Aguirre. El entrenador del Legan\u00e9s (en el arranque de la pandemia en M\u00e9xico) declar\u00f3 que las acciones de L\u00f3pez Obrador, fueron \u201cuna frivolidad, una tonter\u00eda del presidente de mi pa\u00eds, que ya dio marcha atr\u00e1s. Tomaron decisiones de acorde a las circunstancias. Finalmente las autoridades tomaron cartas en el asunto, apenas nada, hace dos o tres d\u00edas\u2026 el presidente yo creo que cometi\u00f3 un exceso, una frivolidad, se equivoc\u00f3, pero afortunadamente rectific\u00f3 y M\u00e9xico est\u00e1 en la l\u00ednea en la senda que est\u00e1 Espa\u00f1a e Italia y tenemos orden, por Dios&#8221;.<\/p>\n\n\n\n<p>Incluso, el futbolista peruano del Le\u00f3n, Pedro Aquino, se\u00f1al\u00f3 que AMLO tom\u00f3 la crisis &#8220;muy a la ligera&#8221;, pues en entrevista para &#8220;El Comercio&#8221;, coment\u00f3: &#8220;El presidente de M\u00e9xico ha tomado las cosas a la ligera, no es consciente de lo que va pasando en otros pa\u00edses. Yo me siento orgulloso de lo que hace el presidente de mi pa\u00eds (Per\u00fa), porque el mexicano no est\u00e1 alertando a nadie y lo toma de forma muy tranquila&#8221;.<\/p>\n","protected":false},"excerpt":{"rendered":"<p>El t\u00e9cnico campe\u00f3n del mundo con la Sub-17 en el 2011, se\u00f1al\u00f3 al Presidente en redes<\/p>\n","protected":false},"author":81,"featured_media":0,"comment_status":"closed","ping_status":"open","sticky":false,"template":"","format":"standard","meta":{"footnotes":""},"categories":[39],"tags":[],"class_list":["post-119098","post","type-post","status-publish","format-standard","hentry","category-deportiva"],"_links":{"self":[{"href":"https:\/\/plazajuarez.mx\/historico\/wp-json\/wp\/v2\/posts\/119098","targetHints":{"allow":["GET"]}}],"collection":[{"href":"https:\/\/plazajuarez.mx\/historico\/wp-json\/wp\/v2\/posts"}],"about":[{"href":"https:\/\/plazajuarez.mx\/historico\/wp-json\/wp\/v2\/types\/post"}],"author":[{"embeddable":true,"href":"https:\/\/plazajuarez.mx\/historico\/wp-json\/wp\/v2\/users\/81"}],"replies":[{"embeddable":true,"href":"https:\/\/plazajuarez.mx\/historico\/wp-json\/wp\/v2\/comments?post=119098"}],"version-history":[{"count":0,"href":"https:\/\/plazajuarez.mx\/historico\/wp-json\/wp\/v2\/posts\/119098\/revisions"}],"wp:attachment":[{"href":"https:\/\/plazajuarez.mx\/historico\/wp-json\/wp\/v2\/media?parent=119098"}],"wp:term":[{"taxonomy":"category","embeddable":true,"href":"https:\/\/plazajuarez.mx\/historico\/wp-json\/wp\/v2\/categories?post=119098"},{"taxonomy":"post_tag","embeddable":true,"href":"https:\/\/plazajuarez.mx\/historico\/wp-json\/wp\/v2\/tags?post=119098"}],"curies":[{"name":"wp","href":"https:\/\/api.w.org\/{rel}","templated":true}]}}