{"id":119097,"date":"2020-06-19T06:00:00","date_gmt":"2020-06-19T11:00:00","guid":{"rendered":"https:\/\/plazajuarez.mx\/?p=119097"},"modified":"2020-06-18T21:07:38","modified_gmt":"2020-06-19T02:07:38","slug":"denuncian-a-ana-guevara-por-presunto-intento-de-homicidio","status":"publish","type":"post","link":"https:\/\/plazajuarez.mx\/historico\/denuncian-a-ana-guevara-por-presunto-intento-de-homicidio\/","title":{"rendered":"Denuncian a Ana Guevara por presunto intento de homicidio"},"content":{"rendered":"\n<ul class=\"wp-block-list\"><li><strong>La demanda que fue interpuesta, se\u00f1ala el reportero, por el despacho Lecumberri Benavides y Cid Abogados SC<\/strong><\/li><\/ul>\n\n\n\n<!--more-->\n\n\n\n<p>(EL UNIVERSAL).- Ana Gabriela Guevara, directora de la Comisi\u00f3n Nacional de Cultura F\u00edsica y Deporte, ha sido denunciada por presunto intento de homicidio por Rafael S\u00e1nchez Cano y Jes\u00fas Cha\u00edn, quienes fueron v\u00edctimas de un atentado la semana pasada.<\/p>\n\n\n\n<p>&#8220;Vengo a denunciar hechos que, salvo error apreciaci\u00f3n del suscrito, considero tienen la apariencia de los delitos de homicidio calificado en tentativa y portaci\u00f3n de arma de fuego de uso exclusivo del Ej\u00e9rcito, Armada y Fuerza A\u00e9rea Mexicana y\/o lo que resulte cometido en agravio del suscrito, Jes\u00fas Cha\u00edn Oceguera y la Sociedad&#8221;, revel\u00f3 el demandante al reportero V\u00edctor Hugo Arteaga, informaci\u00f3n reproducida por diversos medios de comunicaci\u00f3n.<\/p>\n\n\n\n<p>La demanda que fue interpuesta, se\u00f1ala el reportero, por el despacho Lecumberri Benavides y Cid Abogados SC, es en contra de la directora de la Conade y su supuesta asistente en Veracruz, Armida Ram\u00edrez Corral, qui\u00e9n fue la operadora de la extorsi\u00f3n.<\/p>\n","protected":false},"excerpt":{"rendered":"<p>La demanda que fue interpuesta, se\u00f1ala el reportero, por el despacho Lecumberri Benavides y Cid Abogados SC<\/p>\n","protected":false},"author":81,"featured_media":0,"comment_status":"closed","ping_status":"open","sticky":false,"template":"","format":"standard","meta":{"footnotes":""},"categories":[39],"tags":[],"class_list":["post-119097","post","type-post","status-publish","format-standard","hentry","category-deportiva"],"_links":{"self":[{"href":"https:\/\/plazajuarez.mx\/historico\/wp-json\/wp\/v2\/posts\/119097","targetHints":{"allow":["GET"]}}],"collection":[{"href":"https:\/\/plazajuarez.mx\/historico\/wp-json\/wp\/v2\/posts"}],"about":[{"href":"https:\/\/plazajuarez.mx\/historico\/wp-json\/wp\/v2\/types\/post"}],"author":[{"embeddable":true,"href":"https:\/\/plazajuarez.mx\/historico\/wp-json\/wp\/v2\/users\/81"}],"replies":[{"embeddable":true,"href":"https:\/\/plazajuarez.mx\/historico\/wp-json\/wp\/v2\/comments?post=119097"}],"version-history":[{"count":0,"href":"https:\/\/plazajuarez.mx\/historico\/wp-json\/wp\/v2\/posts\/119097\/revisions"}],"wp:attachment":[{"href":"https:\/\/plazajuarez.mx\/historico\/wp-json\/wp\/v2\/media?parent=119097"}],"wp:term":[{"taxonomy":"category","embeddable":true,"href":"https:\/\/plazajuarez.mx\/historico\/wp-json\/wp\/v2\/categories?post=119097"},{"taxonomy":"post_tag","embeddable":true,"href":"https:\/\/plazajuarez.mx\/historico\/wp-json\/wp\/v2\/tags?post=119097"}],"curies":[{"name":"wp","href":"https:\/\/api.w.org\/{rel}","templated":true}]}}