{"id":119096,"date":"2020-06-19T06:00:00","date_gmt":"2020-06-19T11:00:00","guid":{"rendered":"https:\/\/plazajuarez.mx\/?p=119096"},"modified":"2020-06-18T21:04:20","modified_gmt":"2020-06-19T02:04:20","slug":"la-judoka-luz-olvera-platico-en-sesion-virtual","status":"publish","type":"post","link":"https:\/\/plazajuarez.mx\/historico\/la-judoka-luz-olvera-platico-en-sesion-virtual\/","title":{"rendered":"LA JUDOKA LUZ OLVERA PLATIC\u00d3 EN SESI\u00d3N VIRTUAL"},"content":{"rendered":"\n<ul class=\"wp-block-list\"><li><strong>Ello, sobre su preparaci\u00f3n para la clasificaci\u00f3n a los Juegos Ol\u00edmpicos\u00a0<\/strong><\/li><\/ul>\n\n\n\n<!--more-->\n\n\n\n<p>El Instituto Hidalguense del Deporte (INHIDE), llev\u00f3 a cabo la sesi\u00f3n virtual \u201cVivencias de una campeona\u201d, realizada con el apoyo de la judoka hidalguense Luz Olvera Su\u00e1rez.<\/p>\n\n\n\n<p>Medallista de plata en los pasados Juegos Panamericanos Lima 2019 en la divisi\u00f3n de -52 kilogramos, Olvera abord\u00f3 en esta sesi\u00f3n su preparaci\u00f3n como deportista de alto rendimiento, sus inicios y el primer contacto con la disciplina, las debilidades y fortalezas en el desempe\u00f1o deportivo, as\u00ed como sus experiencias.<\/p>\n\n\n\n<p>Asimismo, detall\u00f3 cu\u00e1l ha sido la clave para el \u00e9xito, el complemento en sus estudios y el deporte, as\u00ed como las vivencias que obtuvo en los Panamericanos Lima 2019 y la clasificaci\u00f3n a los Juegos Ol\u00edmpicos Tokio 2020.<\/p>\n\n\n\n<p>Teniendo entre sus mejores resultados el primer lugar en el Grand Prix de Canc\u00fan en 2017, el sitio de honor en el Abierto de C\u00f3rdoba 2019 y los s\u00e9ptimos lugares en el Grand Slam de Osaka y Abu Dhabi de este 2020, adem\u00e1s de ser mam\u00e1 de un peque\u00f1o de 4 a\u00f1os, Luz Olvera se encuentra en el sitio 39 del ranking mundial.<\/p>\n\n\n\n<p>Con la participaci\u00f3n de 77 personas, entre ellas, miembros de la Asociaci\u00f3n Hidalguense de Judo (AHJ), entrenadores, deportistas, titulares del deporte municipal (COMUDES) y el equipo multidisciplinario del Centro Deportivo Hidalguense y de Alto Rendimiento (CDHAR), la judoka resalt\u00f3 sus resultados.<\/p>\n","protected":false},"excerpt":{"rendered":"<p>Ello, sobre su preparaci\u00f3n para la clasificaci\u00f3n a los Juegos Ol\u00edmpicos\u00a0<\/p>\n","protected":false},"author":79,"featured_media":0,"comment_status":"closed","ping_status":"open","sticky":false,"template":"","format":"standard","meta":{"footnotes":""},"categories":[39],"tags":[],"class_list":["post-119096","post","type-post","status-publish","format-standard","hentry","category-deportiva"],"_links":{"self":[{"href":"https:\/\/plazajuarez.mx\/historico\/wp-json\/wp\/v2\/posts\/119096","targetHints":{"allow":["GET"]}}],"collection":[{"href":"https:\/\/plazajuarez.mx\/historico\/wp-json\/wp\/v2\/posts"}],"about":[{"href":"https:\/\/plazajuarez.mx\/historico\/wp-json\/wp\/v2\/types\/post"}],"author":[{"embeddable":true,"href":"https:\/\/plazajuarez.mx\/historico\/wp-json\/wp\/v2\/users\/79"}],"replies":[{"embeddable":true,"href":"https:\/\/plazajuarez.mx\/historico\/wp-json\/wp\/v2\/comments?post=119096"}],"version-history":[{"count":0,"href":"https:\/\/plazajuarez.mx\/historico\/wp-json\/wp\/v2\/posts\/119096\/revisions"}],"wp:attachment":[{"href":"https:\/\/plazajuarez.mx\/historico\/wp-json\/wp\/v2\/media?parent=119096"}],"wp:term":[{"taxonomy":"category","embeddable":true,"href":"https:\/\/plazajuarez.mx\/historico\/wp-json\/wp\/v2\/categories?post=119096"},{"taxonomy":"post_tag","embeddable":true,"href":"https:\/\/plazajuarez.mx\/historico\/wp-json\/wp\/v2\/tags?post=119096"}],"curies":[{"name":"wp","href":"https:\/\/api.w.org\/{rel}","templated":true}]}}