{"id":119095,"date":"2020-06-19T06:00:00","date_gmt":"2020-06-19T11:00:00","guid":{"rendered":"https:\/\/plazajuarez.mx\/?p=119095"},"modified":"2020-06-18T21:03:23","modified_gmt":"2020-06-19T02:03:23","slug":"real-madrid-derrota-3-0-al-valencia-en-la-liga-espanola","status":"publish","type":"post","link":"https:\/\/plazajuarez.mx\/historico\/real-madrid-derrota-3-0-al-valencia-en-la-liga-espanola\/","title":{"rendered":"REAL MADRID DERROTA 3-0 AL VALENCIA EN LA LIGA ESPA\u00d1OLA"},"content":{"rendered":"\n<ul class=\"wp-block-list\"><li><strong>El Madrid se queda a dos puntos del Barcelona y el Valencia se queda octavo, fuera de puestos europeos, con 43 puntos, a uno del Villarreal, s\u00e9ptimo. <\/strong><\/li><\/ul>\n\n\n\n<!--more-->\n\n\n\n<p>(EFE).- Un doblete del franc\u00e9s Karim Benzema y un gol del espa\u00f1ol Marco Asensio, a los 30 segundos de volver tras 330 d\u00edas alejado de los terrenos de juego despu\u00e9s de superar una grave lesi\u00f3n de rodilla, le dieron la victoria al Real Madrid sobre el Valencia (3-0) y tres puntos que le mantienen a dos puntos del l\u00edder, el Barcelona, en la lucha por el t\u00edtulo de LaLiga Santander.<\/p>\n\n\n\n<p>Benzema inaugur\u00f3 el marcador en el minuto 60 aprovechando una asistencia del belga Eden Hazard que le dej\u00f3 solo delante del holand\u00e9s Jasper Cillessen. Antes de que este certificase el 3-0 con su segundo tanto, tras una gran maniobra dentro del \u00e1rea en el minuto 86 en la que pic\u00f3 el bal\u00f3n con la derecha por encima de Hugo Guillam\u00f3n para definir de primeras con la izquierda, Asensio sonri\u00f3 de nuevo.<\/p>\n\n\n\n<p>El extremo volvi\u00f3 a jugar un partido oficial m\u00e1s de 10 meses despu\u00e9s y s\u00f3lo tard\u00f3 30 segundos en sentir de nuevo lo que es marcar un gol. El espa\u00f1ol defini\u00f3 de primeras un centro del galo Ferland Mendy en el m.60 y celebr\u00f3 as\u00ed de la mejor manera posible su retorno.<\/p>\n\n\n\n<p>El Madrid se queda a dos puntos del Barcelona y el Valencia se queda octavo, fuera de puestos europeos, con 43 puntos, a uno del Villarreal, s\u00e9ptimo. EFE&nbsp;<\/p>\n","protected":false},"excerpt":{"rendered":"<p>El Madrid se queda a dos puntos del Barcelona y el Valencia se queda octavo, fuera de puestos europeos, con 43 puntos, a uno del Villarreal, s\u00e9ptimo.<\/p>\n","protected":false},"author":80,"featured_media":0,"comment_status":"closed","ping_status":"open","sticky":false,"template":"","format":"standard","meta":{"footnotes":""},"categories":[39],"tags":[],"class_list":["post-119095","post","type-post","status-publish","format-standard","hentry","category-deportiva"],"_links":{"self":[{"href":"https:\/\/plazajuarez.mx\/historico\/wp-json\/wp\/v2\/posts\/119095","targetHints":{"allow":["GET"]}}],"collection":[{"href":"https:\/\/plazajuarez.mx\/historico\/wp-json\/wp\/v2\/posts"}],"about":[{"href":"https:\/\/plazajuarez.mx\/historico\/wp-json\/wp\/v2\/types\/post"}],"author":[{"embeddable":true,"href":"https:\/\/plazajuarez.mx\/historico\/wp-json\/wp\/v2\/users\/80"}],"replies":[{"embeddable":true,"href":"https:\/\/plazajuarez.mx\/historico\/wp-json\/wp\/v2\/comments?post=119095"}],"version-history":[{"count":0,"href":"https:\/\/plazajuarez.mx\/historico\/wp-json\/wp\/v2\/posts\/119095\/revisions"}],"wp:attachment":[{"href":"https:\/\/plazajuarez.mx\/historico\/wp-json\/wp\/v2\/media?parent=119095"}],"wp:term":[{"taxonomy":"category","embeddable":true,"href":"https:\/\/plazajuarez.mx\/historico\/wp-json\/wp\/v2\/categories?post=119095"},{"taxonomy":"post_tag","embeddable":true,"href":"https:\/\/plazajuarez.mx\/historico\/wp-json\/wp\/v2\/tags?post=119095"}],"curies":[{"name":"wp","href":"https:\/\/api.w.org\/{rel}","templated":true}]}}