{"id":119094,"date":"2020-06-19T06:00:00","date_gmt":"2020-06-19T11:00:00","guid":{"rendered":"https:\/\/plazajuarez.mx\/?p=119094"},"modified":"2020-06-18T21:01:53","modified_gmt":"2020-06-19T02:01:53","slug":"galindo-deja-el-hospital-recuperado-en-un-80-tras-derrame-cerebral","status":"publish","type":"post","link":"https:\/\/plazajuarez.mx\/historico\/galindo-deja-el-hospital-recuperado-en-un-80-tras-derrame-cerebral\/","title":{"rendered":"Galindo deja el hospital recuperado en un 80% tras derrame cerebral"},"content":{"rendered":"\n<ul class=\"wp-block-list\"><li><strong>Su m\u00e9dico, el neur\u00f3logo Alejandro Fonseca, afirm\u00f3 que la recuperaci\u00f3n del &#8216;Maestro&#8217; ha sido en tiempo r\u00e9cord debido a la buena salud<\/strong><\/li><\/ul>\n\n\n\n<!--more-->\n\n\n\n<p>(EFE).- El mexicano Benjam\u00edn Galindo, ex jugador e \u00eddolo de Chivas de Guadalajara, dej\u00f3 el hospital con 80% de recuperaci\u00f3n f\u00edsica luego del derrame cerebral que sufri\u00f3 el 28 de mayo pasado y por el que fue sometido a una intervenci\u00f3n quir\u00fargica.<\/p>\n\n\n\n<p>Su m\u00e9dico, el neur\u00f3logo Alejandro Fonseca, afirm\u00f3 que la recuperaci\u00f3n del &#8216;Maestro&#8217; ha sido en tiempo r\u00e9cord debido a la buena salud y condici\u00f3n f\u00edsica que mantiene.<\/p>\n\n\n\n<p>&#8220;Su salud previa es de una persona sana, deportista, todos lo conocemos, quiz\u00e1s eso fue la principal arma que \u00e9l tuvo para salir adelante, por otro lado, sin determinar la pronta intervenci\u00f3n de las terapias que se hicieron, la cirug\u00eda que se le realiz\u00f3 a buen tiempo&#8221;, dijo a medios de comunicaci\u00f3n.<\/p>\n\n\n\n<p>El exjugador de 59 a\u00f1os y auxiliar t\u00e9cnico del argentino Mat\u00edas Almeyda en el San Jos\u00e9 Earthquakes de la MLS sufri\u00f3 un derrame cerebral a finales de mayo tras un evento vascular cerebral tipo isqu\u00e9mico provocado por un co\u00e1gulo.<\/p>\n\n\n\n<p>Galindo pas\u00f3 tres semanas en un hospital de Guadalajara donde primero fue intervenido de emergencia y posteriormente fue sometido a terapias f\u00edsicas para su recuperaci\u00f3n que le han permitido retomar la capacidad de hablar, comer y caminar por s\u00ed mismo.<\/p>\n\n\n\n<p>De acuerdo con el m\u00e9dico, el exjugador a\u00fan presenta ciertas lesiones en la parte izquierda de su cuerpo que ir\u00e1 recuperando conforme lleve a cabo la rehabilitaci\u00f3n f\u00edsica en casa.<\/p>\n\n\n\n<p>&#8220;Qu\u00e9 tanto va a recuperar no lo sabemos, pero hay que darle todo el tiempo rehabilitaci\u00f3n para esperar que tenga pronta recuperaci\u00f3n&#8221;, se\u00f1al\u00f3.<\/p>\n\n\n\n<p>En su etapa de jugador, Benjam\u00edn Galindo fue campe\u00f3n en 1986-1987 con las Chivas del Guadalajara, uno de los equipos m\u00e1s populares en el f\u00fatbol mexicano, y es el club con el que m\u00e1s se identifica.<\/p>\n\n\n\n<p>El centrocampista tambi\u00e9n obtuvo campeonatos de Liga con Santos de Torre\u00f3n, Cruz Azul y Pachuca en su carrera como jugador que abarc\u00f3 22 a\u00f1os.<\/p>\n","protected":false},"excerpt":{"rendered":"<p>Su m\u00e9dico, el neur\u00f3logo Alejandro Fonseca, afirm\u00f3 que la recuperaci\u00f3n del &#8216;Maestro&#8217; ha sido en tiempo r\u00e9cord debido a la buena salud<\/p>\n","protected":false},"author":80,"featured_media":0,"comment_status":"closed","ping_status":"open","sticky":false,"template":"","format":"standard","meta":{"footnotes":""},"categories":[39],"tags":[],"class_list":["post-119094","post","type-post","status-publish","format-standard","hentry","category-deportiva"],"_links":{"self":[{"href":"https:\/\/plazajuarez.mx\/historico\/wp-json\/wp\/v2\/posts\/119094","targetHints":{"allow":["GET"]}}],"collection":[{"href":"https:\/\/plazajuarez.mx\/historico\/wp-json\/wp\/v2\/posts"}],"about":[{"href":"https:\/\/plazajuarez.mx\/historico\/wp-json\/wp\/v2\/types\/post"}],"author":[{"embeddable":true,"href":"https:\/\/plazajuarez.mx\/historico\/wp-json\/wp\/v2\/users\/80"}],"replies":[{"embeddable":true,"href":"https:\/\/plazajuarez.mx\/historico\/wp-json\/wp\/v2\/comments?post=119094"}],"version-history":[{"count":0,"href":"https:\/\/plazajuarez.mx\/historico\/wp-json\/wp\/v2\/posts\/119094\/revisions"}],"wp:attachment":[{"href":"https:\/\/plazajuarez.mx\/historico\/wp-json\/wp\/v2\/media?parent=119094"}],"wp:term":[{"taxonomy":"category","embeddable":true,"href":"https:\/\/plazajuarez.mx\/historico\/wp-json\/wp\/v2\/categories?post=119094"},{"taxonomy":"post_tag","embeddable":true,"href":"https:\/\/plazajuarez.mx\/historico\/wp-json\/wp\/v2\/tags?post=119094"}],"curies":[{"name":"wp","href":"https:\/\/api.w.org\/{rel}","templated":true}]}}