{"id":119093,"date":"2020-06-19T06:00:00","date_gmt":"2020-06-19T11:00:00","guid":{"rendered":"https:\/\/plazajuarez.mx\/?p=119093"},"modified":"2020-06-18T19:35:59","modified_gmt":"2020-06-19T00:35:59","slug":"ignacio-malcorra-se-va-de-los-pumas-de-la-unam","status":"publish","type":"post","link":"https:\/\/plazajuarez.mx\/historico\/ignacio-malcorra-se-va-de-los-pumas-de-la-unam\/","title":{"rendered":"Ignacio Malcorra se va de los Pumas de la UNAM"},"content":{"rendered":"\n<ul class=\"wp-block-list\"><li><strong>El mediocampista argentino lleg\u00f3 al cuadro universitario en el Apertura 2018, disput\u00f3 75 encuentros y convirti\u00f3 seis anotaciones<\/strong><\/li><\/ul>\n\n\n\n<!--more-->\n\n\n\n<p>(EL UNIVERSAL).- Los Pumas confirmaron su segunda baja rumbo al Apertura 2020. Se trata del argentino V\u00edctor Malcorra.<\/p>\n\n\n\n<p>Nacho, qui\u00e9n cambi\u00f3 los abucheos por aplausos en el Clausura 2020, no logr\u00f3 mantenerse en el conjunto auriazul. En Argentina o en FC Ju\u00e1rez podr\u00eda estar su futuro.<\/p>\n\n\n\n<p>El mediocampista argentino lleg\u00f3 al cuadro universitario en el Apertura 2018, disput\u00f3 75 encuentros y convirti\u00f3 seis anotaciones.<\/p>\n\n\n\n<p>Malcorra ya no entren\u00f3 este d\u00eda. En par de ocasiones entr\u00f3 y sali\u00f3 de las instalaciones de Cantera.<\/p>\n\n\n\n<p>Los Pumas contin\u00faan en la b\u00fasqueda de un arquero que compita con Alfredo Sald\u00edvar para el Apertura 2020; Juan Manuel Iturbe es otra de las inc\u00f3gnitas en el seno auriazul, quien regres\u00f3 despu\u00e9s de su pr\u00e9stamo con Pachuca.<\/p>\n","protected":false},"excerpt":{"rendered":"<p>El mediocampista argentino lleg\u00f3 al cuadro universitario en el Apertura 2018, disput\u00f3 75 encuentros y convirti\u00f3 seis anotaciones<\/p>\n","protected":false},"author":81,"featured_media":0,"comment_status":"closed","ping_status":"open","sticky":false,"template":"","format":"standard","meta":{"footnotes":""},"categories":[39],"tags":[],"class_list":["post-119093","post","type-post","status-publish","format-standard","hentry","category-deportiva"],"_links":{"self":[{"href":"https:\/\/plazajuarez.mx\/historico\/wp-json\/wp\/v2\/posts\/119093","targetHints":{"allow":["GET"]}}],"collection":[{"href":"https:\/\/plazajuarez.mx\/historico\/wp-json\/wp\/v2\/posts"}],"about":[{"href":"https:\/\/plazajuarez.mx\/historico\/wp-json\/wp\/v2\/types\/post"}],"author":[{"embeddable":true,"href":"https:\/\/plazajuarez.mx\/historico\/wp-json\/wp\/v2\/users\/81"}],"replies":[{"embeddable":true,"href":"https:\/\/plazajuarez.mx\/historico\/wp-json\/wp\/v2\/comments?post=119093"}],"version-history":[{"count":0,"href":"https:\/\/plazajuarez.mx\/historico\/wp-json\/wp\/v2\/posts\/119093\/revisions"}],"wp:attachment":[{"href":"https:\/\/plazajuarez.mx\/historico\/wp-json\/wp\/v2\/media?parent=119093"}],"wp:term":[{"taxonomy":"category","embeddable":true,"href":"https:\/\/plazajuarez.mx\/historico\/wp-json\/wp\/v2\/categories?post=119093"},{"taxonomy":"post_tag","embeddable":true,"href":"https:\/\/plazajuarez.mx\/historico\/wp-json\/wp\/v2\/tags?post=119093"}],"curies":[{"name":"wp","href":"https:\/\/api.w.org\/{rel}","templated":true}]}}