{"id":119075,"date":"2020-06-19T06:00:00","date_gmt":"2020-06-19T11:00:00","guid":{"rendered":"https:\/\/plazajuarez.mx\/?p=119075"},"modified":"2020-06-18T19:26:41","modified_gmt":"2020-06-19T00:26:41","slug":"adios-a-madre-e-hija-asesinadas-y-calcinadas","status":"publish","type":"post","link":"https:\/\/plazajuarez.mx\/historico\/adios-a-madre-e-hija-asesinadas-y-calcinadas\/","title":{"rendered":"Adi\u00f3s a madre e hija; asesinadas y calcinadas"},"content":{"rendered":"\n<ul class=\"wp-block-list\"><li><strong>Gardenia y Dayann desaparecieron desde el 11 de junio; y un d\u00eda despu\u00e9s aparecieron calcinadas<\/strong><\/li><\/ul>\n\n\n\n<!--more-->\n\n\n\n<p>Con tristeza y m\u00fasica de mariachi, fueron despedidas la se\u00f1ora Gardenia y su hija Dulce Dayann de 11 a\u00f1os, asesinadas y calcinadas en el municipio poblano de Acajete.<\/p>\n\n\n\n<p>En La Magdalena Tetela, docenas de amigos, familiares e integrantes de la Iglesia Adventista del S\u00e9ptimo D\u00eda, se dio el \u00faltimo adi\u00f3s a la madre e hija.<\/p>\n\n\n\n<p>Padres y abuelos de las v\u00edctimas, Rufino Ortega Hern\u00e1ndez y Gabriela Flores Caldivia, encabezan los servicios funerarios de Gardenia y Dulce Dayann se preparan para sepultar este d\u00eda a sus familiares.<\/p>\n\n\n\n<p>Las dos mujeres, Gardenia y Dayann -desaparecieron desde el pasado 11 de junio; y un d\u00eda despu\u00e9s apareci\u00f3 calcinado el veh\u00edculo donde viajaban.<\/p>\n\n\n\n<p>Autoridades ministeriales ubicaron en el interior los cuerpos de una mujer y una ni\u00f1a, los cuales fueron identificados horas despu\u00e9s como la madre e hija que hab\u00edan sido reportadas como desaparecidas.<\/p>\n\n\n\n<p>Ambas v\u00edctimas presentaban huellas de tortura, seg\u00fan los primeros indicios forenses.<\/p>\n\n\n\n<p>El gobernador Miguel Barbosa revel\u00f3 hoy que ten\u00edan ubicado al responsable del doble crimen, al que calific\u00f3 como &#8220;una barbaridad&#8221;.<\/p>\n\n\n\n<p>Y revel\u00f3 que el presunto atacante formaba parte del c\u00edrculo familiar de las dos mujeres, por lo que en las pr\u00f3ximas horas ser\u00eda detenido.<\/p>\n","protected":false},"excerpt":{"rendered":"<p>Gardenia y Dayann desaparecieron desde el 11 de junio; y un d\u00eda despu\u00e9s aparecieron calcinadas<\/p>\n","protected":false},"author":81,"featured_media":0,"comment_status":"closed","ping_status":"open","sticky":false,"template":"","format":"standard","meta":{"footnotes":""},"categories":[37],"tags":[],"class_list":["post-119075","post","type-post","status-publish","format-standard","hentry","category-barandilla"],"_links":{"self":[{"href":"https:\/\/plazajuarez.mx\/historico\/wp-json\/wp\/v2\/posts\/119075","targetHints":{"allow":["GET"]}}],"collection":[{"href":"https:\/\/plazajuarez.mx\/historico\/wp-json\/wp\/v2\/posts"}],"about":[{"href":"https:\/\/plazajuarez.mx\/historico\/wp-json\/wp\/v2\/types\/post"}],"author":[{"embeddable":true,"href":"https:\/\/plazajuarez.mx\/historico\/wp-json\/wp\/v2\/users\/81"}],"replies":[{"embeddable":true,"href":"https:\/\/plazajuarez.mx\/historico\/wp-json\/wp\/v2\/comments?post=119075"}],"version-history":[{"count":0,"href":"https:\/\/plazajuarez.mx\/historico\/wp-json\/wp\/v2\/posts\/119075\/revisions"}],"wp:attachment":[{"href":"https:\/\/plazajuarez.mx\/historico\/wp-json\/wp\/v2\/media?parent=119075"}],"wp:term":[{"taxonomy":"category","embeddable":true,"href":"https:\/\/plazajuarez.mx\/historico\/wp-json\/wp\/v2\/categories?post=119075"},{"taxonomy":"post_tag","embeddable":true,"href":"https:\/\/plazajuarez.mx\/historico\/wp-json\/wp\/v2\/tags?post=119075"}],"curies":[{"name":"wp","href":"https:\/\/api.w.org\/{rel}","templated":true}]}}