{"id":119073,"date":"2020-06-19T06:00:00","date_gmt":"2020-06-19T11:00:00","guid":{"rendered":"https:\/\/plazajuarez.mx\/?p=119073"},"modified":"2020-06-18T19:24:54","modified_gmt":"2020-06-19T00:24:54","slug":"lo-investigan-por-homicidio-de-una-mujer-en-jacala","status":"publish","type":"post","link":"https:\/\/plazajuarez.mx\/historico\/lo-investigan-por-homicidio-de-una-mujer-en-jacala\/","title":{"rendered":"Lo investigan por homicidio de una mujer en Jacala"},"content":{"rendered":"\n<ul class=\"wp-block-list\"><li><strong>El delito se cometer\u00eda el 30 de mayo, en Santo Domingo del municipio de Jacala<\/strong><\/li><\/ul>\n\n\n\n<!--more-->\n\n\n\n<p>La Procuradur\u00eda General de Justicia del estado de Hidalgo, present\u00f3 pruebas suficientes para lograr la vinculaci\u00f3n a proceso de un hombre imputado por un homicidio culposo.<\/p>\n\n\n\n<p>Fue el 30 de mayo, en la comunidad de Santo Domingo del municipio de Jacala de Ledezma, donde el probable identificado como Gonzalo \u201cN\u201d, dispar\u00f3 en contra de una mujer mientras ambos se encontraban en un inmueble, ocasion\u00e1ndole la muerte.<\/p>\n\n\n\n<p>Por lo ocurrido se inici\u00f3 la carpeta de investigaci\u00f3n por homicidio culposo, en ella se integraron los datos de prueba recabados por el Ministerio P\u00fablico adscrito a la Subprocuradur\u00eda de Procedimientos Penales regi\u00f3n poniente.<\/p>\n\n\n\n<p>En audiencia inicial, fueron expuestos dichos datos de prueba con los que la autoridad judicial determin\u00f3 que el agresor fuera vinculado a proceso por el homicidio culposo de la mujer.<\/p>\n\n\n\n<p>Asimismo al probable Gonzalo \u201cN\u201d, le fue impuesta la medida cautelar de prisi\u00f3n preventiva oficiosa; la autoridad judicial determin\u00f3 un plazo de dos meses para el cierre de la investigaci\u00f3n complementaria.<\/p>\n","protected":false},"excerpt":{"rendered":"<p>El delito se cometer\u00eda el 30 de mayo, en Santo Domingo del municipio de Jacala<\/p>\n","protected":false},"author":93,"featured_media":0,"comment_status":"closed","ping_status":"open","sticky":false,"template":"","format":"standard","meta":{"footnotes":""},"categories":[37],"tags":[],"class_list":["post-119073","post","type-post","status-publish","format-standard","hentry","category-barandilla"],"_links":{"self":[{"href":"https:\/\/plazajuarez.mx\/historico\/wp-json\/wp\/v2\/posts\/119073","targetHints":{"allow":["GET"]}}],"collection":[{"href":"https:\/\/plazajuarez.mx\/historico\/wp-json\/wp\/v2\/posts"}],"about":[{"href":"https:\/\/plazajuarez.mx\/historico\/wp-json\/wp\/v2\/types\/post"}],"author":[{"embeddable":true,"href":"https:\/\/plazajuarez.mx\/historico\/wp-json\/wp\/v2\/users\/93"}],"replies":[{"embeddable":true,"href":"https:\/\/plazajuarez.mx\/historico\/wp-json\/wp\/v2\/comments?post=119073"}],"version-history":[{"count":0,"href":"https:\/\/plazajuarez.mx\/historico\/wp-json\/wp\/v2\/posts\/119073\/revisions"}],"wp:attachment":[{"href":"https:\/\/plazajuarez.mx\/historico\/wp-json\/wp\/v2\/media?parent=119073"}],"wp:term":[{"taxonomy":"category","embeddable":true,"href":"https:\/\/plazajuarez.mx\/historico\/wp-json\/wp\/v2\/categories?post=119073"},{"taxonomy":"post_tag","embeddable":true,"href":"https:\/\/plazajuarez.mx\/historico\/wp-json\/wp\/v2\/tags?post=119073"}],"curies":[{"name":"wp","href":"https:\/\/api.w.org\/{rel}","templated":true}]}}