{"id":119072,"date":"2020-06-19T06:00:00","date_gmt":"2020-06-19T11:00:00","guid":{"rendered":"https:\/\/plazajuarez.mx\/?p=119072"},"modified":"2020-06-18T19:23:57","modified_gmt":"2020-06-19T00:23:57","slug":"reportan-como-desaparecida-a-la-joven-mara-monserrat-cruz-fosada-de-17-anos-de-edad","status":"publish","type":"post","link":"https:\/\/plazajuarez.mx\/historico\/reportan-como-desaparecida-a-la-joven-mara-monserrat-cruz-fosada-de-17-anos-de-edad\/","title":{"rendered":"Reportan como desaparecida a la joven Mara Monserrat Cruz Fosada, de 17 a\u00f1os de edad"},"content":{"rendered":"\n<ul class=\"wp-block-list\"><li><strong>Los familiares de Mara Monserrat Cruz Fosada, acudieron a presentar la denuncia\u00a0<\/strong><\/li><\/ul>\n\n\n\n<!--more-->\n\n\n\n<p>En esta capital hidalguense se report\u00f3 a una joven de 17 a\u00f1os, como desaparecida y se solicit\u00f3 a la Procuradur\u00eda General de Justicia del estado de Hidalgo, se realizar\u00e1 activaci\u00f3n de una ficha de b\u00fasqueda.<\/p>\n\n\n\n<p>Fueron familiares de la afectada identificada como Mara Monserrat Cruz Fosada, quienes acudieron a presentar denuncia por desaparici\u00f3n de persona, misma que se dijo ocurri\u00f3 desde el 11 de abril del a\u00f1o en curso y se teme por su integridad f\u00edsica.<\/p>\n\n\n\n<p>Por el extravi\u00f3 de la joven se dio inicio a la carpeta de investigaci\u00f3n, que fue iniciada el 08 de junio del 2020, donde se detalla que se le vio por \u00faltima vez el 11 de abril del presente a\u00f1o y hasta el momento se desconoce su paradero. Por lo que se considera persona no localizada.<\/p>\n\n\n\n<p>Mara es de cabello corto, lacio negro, de ojos caf\u00e9 obscuro, de estatura de 1.55 metros y pesa aproximadamente 52 kilogramos.<\/p>\n","protected":false},"excerpt":{"rendered":"<p>Los familiares de Mara Monserrat Cruz Fosada, acudieron a presentar la denuncia\u00a0<\/p>\n","protected":false},"author":93,"featured_media":0,"comment_status":"closed","ping_status":"open","sticky":false,"template":"","format":"standard","meta":{"footnotes":""},"categories":[37],"tags":[],"class_list":["post-119072","post","type-post","status-publish","format-standard","hentry","category-barandilla"],"_links":{"self":[{"href":"https:\/\/plazajuarez.mx\/historico\/wp-json\/wp\/v2\/posts\/119072","targetHints":{"allow":["GET"]}}],"collection":[{"href":"https:\/\/plazajuarez.mx\/historico\/wp-json\/wp\/v2\/posts"}],"about":[{"href":"https:\/\/plazajuarez.mx\/historico\/wp-json\/wp\/v2\/types\/post"}],"author":[{"embeddable":true,"href":"https:\/\/plazajuarez.mx\/historico\/wp-json\/wp\/v2\/users\/93"}],"replies":[{"embeddable":true,"href":"https:\/\/plazajuarez.mx\/historico\/wp-json\/wp\/v2\/comments?post=119072"}],"version-history":[{"count":0,"href":"https:\/\/plazajuarez.mx\/historico\/wp-json\/wp\/v2\/posts\/119072\/revisions"}],"wp:attachment":[{"href":"https:\/\/plazajuarez.mx\/historico\/wp-json\/wp\/v2\/media?parent=119072"}],"wp:term":[{"taxonomy":"category","embeddable":true,"href":"https:\/\/plazajuarez.mx\/historico\/wp-json\/wp\/v2\/categories?post=119072"},{"taxonomy":"post_tag","embeddable":true,"href":"https:\/\/plazajuarez.mx\/historico\/wp-json\/wp\/v2\/tags?post=119072"}],"curies":[{"name":"wp","href":"https:\/\/api.w.org\/{rel}","templated":true}]}}