{"id":119066,"date":"2020-06-18T19:07:47","date_gmt":"2020-06-19T00:07:47","guid":{"rendered":"https:\/\/plazajuarez.mx\/?p=119066"},"modified":"2020-06-18T21:52:09","modified_gmt":"2020-06-19T02:52:09","slug":"en-vivo-conferencia-de-prensa-sobre-covid-19-37","status":"publish","type":"post","link":"https:\/\/plazajuarez.mx\/historico\/en-vivo-conferencia-de-prensa-sobre-covid-19-37\/","title":{"rendered":"Suman 165 mil contagios en M\u00e9xico por Covid-19"},"content":{"rendered":"\n<ul class=\"wp-block-list\"><li><strong>Ya son 19 mil 747 muertos; ayer se rompi\u00f3 el r\u00e9cord de nuevos contagios en un d\u00eda, con 5,662&nbsp;&nbsp;<\/strong><\/li><\/ul>\n\n\n\n<!--more-->\n\n\n\n<p>Ayer, Jos\u00e9 Luis Alom\u00eda asegur\u00f3 que el modelo de vigilancia epidemiol\u00f3gica para Covid-19 en M\u00e9xico deber\u00e1 ser reorientado<\/p>\n\n\n\n<p>M\u00e9xico sum\u00f3, al corte de este 18 de junio, 19 mil 747 muertes por Covid-19, con&nbsp; 165 mil 455 casos de contagios confirmados de coronavirus, informaron autoridades de la&nbsp;Secretar\u00eda de Salud.&nbsp;<\/p>\n\n\n\n<p>Ayer, Jos\u00e9 Luis Alom\u00eda asegur\u00f3 que el modelo de vigilancia epidemiol\u00f3gica para Covid-19 en M\u00e9xico deber\u00e1 ser reorientado, a fin de tener m\u00e1s y mejor informaci\u00f3n sobre la enfermedad y la ruta que sigue en el pa\u00eds.&nbsp;<\/p>\n\n\n\n<p>\u201cEl modelo de vigilancia tiene que adaptarse, estamos ya por presentar algunas modificaciones, para precisar un monitoreo que nos permita informaci\u00f3n de lo m\u00e1s localizado posible. Que nos genere una alerta oportuna para tomar nuevas decisiones\u201d, expres\u00f3.<\/p>\n\n\n\n<p><strong>PROPONE PAN QUE MARIO MOLINA SUSTITUYA A L\u00d3PEZ GATELL&nbsp;<\/strong><\/p>\n\n\n\n<p>El grupo parlamentario del PAN en la C\u00e1mara de Diputados asegur\u00f3 que debido a que el n\u00famero de contagios y muertes a causa de Covid-19 o mejora, el blanquiazul propuso que el doctor Mario Molina, Premio Nobel de Qu\u00edmica, sea el hombre ideal para llevar las riendas de la estrategia sanitaria en lugar del subsecretario de Salud, Hugo L\u00f3pez-Gatell.<\/p>\n\n\n\n<p><strong>H\u00c1BITOS DE COMPRA POR COVID-19 LLEGARON PARA QUEDARSE&nbsp;<\/strong><\/p>\n\n\n\n<p>La pandemia alter\u00f3 el estilo de vida de todos, desde estar en confinamiento hasta lo que se consume y la forma en que se hace.&nbsp;<\/p>\n\n\n\n<p>Ante esto, la consultora Kantar encontr\u00f3 que 66% de los encuestados en Ecuador, Per\u00fa, M\u00e9xico y Argentina declar\u00f3 que conservar\u00e1 sus nuevos h\u00e1bitos de compra, pues 84% afirma que saldr\u00e1 de casa s\u00f3lo para lo necesario y 72% dejar\u00e1 de ir a lugares muy concurridos.<\/p>\n\n\n\n<figure class=\"wp-block-embed-facebook wp-block-embed is-type-video is-provider-facebook\"><div class=\"wp-block-embed__wrapper\">\nhttps:\/\/www.facebook.com\/SecretariadeSaludMX\/videos\/589111722002015\/\n<\/div><\/figure>\n","protected":false},"excerpt":{"rendered":"<p>Ya son 19 mil 747 muertos; ayer se rompi\u00f3 el r\u00e9cord de nuevos contagios en un d\u00eda, con 5,662&nbsp;&nbsp;<\/p>\n","protected":false},"author":81,"featured_media":0,"comment_status":"closed","ping_status":"open","sticky":false,"template":"","format":"standard","meta":{"footnotes":""},"categories":[15,36],"tags":[],"class_list":["post-119066","post","type-post","status-publish","format-standard","hentry","category-destacadas","category-nacion"],"_links":{"self":[{"href":"https:\/\/plazajuarez.mx\/historico\/wp-json\/wp\/v2\/posts\/119066","targetHints":{"allow":["GET"]}}],"collection":[{"href":"https:\/\/plazajuarez.mx\/historico\/wp-json\/wp\/v2\/posts"}],"about":[{"href":"https:\/\/plazajuarez.mx\/historico\/wp-json\/wp\/v2\/types\/post"}],"author":[{"embeddable":true,"href":"https:\/\/plazajuarez.mx\/historico\/wp-json\/wp\/v2\/users\/81"}],"replies":[{"embeddable":true,"href":"https:\/\/plazajuarez.mx\/historico\/wp-json\/wp\/v2\/comments?post=119066"}],"version-history":[{"count":0,"href":"https:\/\/plazajuarez.mx\/historico\/wp-json\/wp\/v2\/posts\/119066\/revisions"}],"wp:attachment":[{"href":"https:\/\/plazajuarez.mx\/historico\/wp-json\/wp\/v2\/media?parent=119066"}],"wp:term":[{"taxonomy":"category","embeddable":true,"href":"https:\/\/plazajuarez.mx\/historico\/wp-json\/wp\/v2\/categories?post=119066"},{"taxonomy":"post_tag","embeddable":true,"href":"https:\/\/plazajuarez.mx\/historico\/wp-json\/wp\/v2\/tags?post=119066"}],"curies":[{"name":"wp","href":"https:\/\/api.w.org\/{rel}","templated":true}]}}