{"id":119052,"date":"2020-06-18T15:33:11","date_gmt":"2020-06-18T20:33:11","guid":{"rendered":"https:\/\/plazajuarez.mx\/?p=119052"},"modified":"2020-06-19T07:32:10","modified_gmt":"2020-06-19T12:32:10","slug":"erick-marte-delincuencia-destacada","status":"publish","type":"post","link":"https:\/\/plazajuarez.mx\/historico\/erick-marte-delincuencia-destacada\/","title":{"rendered":"&#8220;Tengo la conciencia tranquila&#8221;, dice Erick Marte sobre &#8220;delincuencia destacada&#8221;"},"content":{"rendered":"\n<ul class=\"wp-block-list\"><li><strong>Omar Fayad dio a conocer una gr\u00e1fica con 17 perfiles se\u00f1alados como \u201cobjetivos en la b\u00fasqueda de delincuentes en la entidad\u201d<\/strong><\/li><\/ul>\n\n\n\n<!--more-->\n\n\n\n<p><strong>Valle del Mezquital<\/strong>.- El presidente municipal de Ixmiquilpan, Pascual Charrez Pedraza, se reuni\u00f3 de \u201cemergencia\u201d con sus partidarios y colaborares m\u00e1s cercanos en su casa para definir las acciones a tomar, mientras que el alcalde Zimap\u00e1n, tambi\u00e9n se refugi\u00f3 en su domicilio y emiti\u00f3 un comunicado, para fijar su postura luego de ser se\u00f1alados como dos de los 17 objetivos en Hidalgo vinculados a la delincuencia.\u00a0<\/p>\n\n\n\n<p>Charrez Pedraza, a trav\u00e9s del WhatsApp de colaboradores cercanos, envi\u00f3 un mensaje para citarlos a una reuni\u00f3n, \u201camigas y amigos los espero en la casa de manera urrrgettte\u201d (sic), se puede leer en la comunicaci\u00f3n.&nbsp;<\/p>\n\n\n\n<p>Desde temprana hora se reunieron para definir las acciones que tomar\u00e1n, espec\u00edficamente en cuestiones de presi\u00f3n social ante probable acciones de la justicia, luego de ser se\u00f1alado como integrante de la organizaci\u00f3n delictiva de \u201cLos Hades\u201d.&nbsp;<\/p>\n\n\n\n<p>Por su parte, el alcalde panista de Zimap\u00e1n, Erick Marte Rivera Villanueva, envi\u00f3 un comunicado de prensa, en el cual dedic\u00f3 apenas dos renglones para referirse a las acusaciones en su contra, donde dijo, habr\u00e1 de colaborar con las investigaciones.&nbsp;<\/p>\n\n\n\n<p>En un lenguaje plural y en tercera persona, el alcalde se\u00f1ala, \u201cdeberemos contribuir con todas las instancias para que podamos tener una extensa colaboraci\u00f3n donde se resuelva cualquier duda y en su caso, se ejerza el estado de derecho, nadie por encima de la ley\u201d (sic).&nbsp;<\/p>\n\n\n\n<p>En otro p\u00e1rrafo, a manera de reflexi\u00f3n, el alcalde se\u00f1ala \u201ctengo la conciencia tranquila y la voluntad total para esclarecer cualquier situaci\u00f3n donde tambi\u00e9n se d\u00e9 a conocer el resultado y mantener nuestra solvencia moral\u201d (sic).&nbsp;<\/p>\n\n\n\n<p>El alcalde, al igual que el de Ixmiquilpan, desde el inicio de sus respectivas gestiones en sus municipios, se han registrado eventos delictivos de alto impacto. En este a\u00f1o, el titular de seguridad p\u00fablica de Zimap\u00e1n, fue detenido y acusado por su relaci\u00f3n con diversas ejecuciones de civiles, mientras que en Ixmiquilpan, el presidente municipal, se ha dado a conocer, su relaci\u00f3n junto con la seguridad p\u00fablica, de tener v\u00ednculos tambi\u00e9n con la delincuencia local, desde el control de la venta de combustible robado, robos de autos, entre otros.&nbsp;<\/p>\n\n\n\n<div class=\"wp-block-image\"><figure class=\"aligncenter size-large is-resized\"><img loading=\"lazy\" decoding=\"async\" src=\"https:\/\/plazajuarez.mx\/historico\/historico\/wp-content\/uploads\/2020\/06\/comuncado-1014x1024.jpeg\" alt=\"\" class=\"wp-image-119053\" width=\"761\" height=\"768\"\/><\/figure><\/div>\n\n\n\n<div class=\"wp-block-buttons is-layout-flex wp-block-buttons-is-layout-flex\">\n<div class=\"wp-block-button\"><a class=\"wp-block-button__link has-background has-very-dark-gray-background-color\" style=\"border-radius:34px\"><em>LEER M\u00c1S:<br><\/em>Se\u00f1alados dos alcaldes dentro de la \u201cdelincuencia destacada\u201d<br><\/a><\/div>\n<\/div>\n\n\n\n<p><\/p>\n","protected":false},"excerpt":{"rendered":"<p>Omar Fayad dio a conocer una gr\u00e1fica con 17 perfiles se\u00f1alados como \u201cobjetivos en la b\u00fasqueda de delincuentes en la entidad\u201d<\/p>\n","protected":false},"author":93,"featured_media":0,"comment_status":"closed","ping_status":"open","sticky":false,"template":"","format":"standard","meta":{"footnotes":""},"categories":[15,40],"tags":[],"class_list":["post-119052","post","type-post","status-publish","format-standard","hentry","category-destacadas","category-region"],"_links":{"self":[{"href":"https:\/\/plazajuarez.mx\/historico\/wp-json\/wp\/v2\/posts\/119052","targetHints":{"allow":["GET"]}}],"collection":[{"href":"https:\/\/plazajuarez.mx\/historico\/wp-json\/wp\/v2\/posts"}],"about":[{"href":"https:\/\/plazajuarez.mx\/historico\/wp-json\/wp\/v2\/types\/post"}],"author":[{"embeddable":true,"href":"https:\/\/plazajuarez.mx\/historico\/wp-json\/wp\/v2\/users\/93"}],"replies":[{"embeddable":true,"href":"https:\/\/plazajuarez.mx\/historico\/wp-json\/wp\/v2\/comments?post=119052"}],"version-history":[{"count":0,"href":"https:\/\/plazajuarez.mx\/historico\/wp-json\/wp\/v2\/posts\/119052\/revisions"}],"wp:attachment":[{"href":"https:\/\/plazajuarez.mx\/historico\/wp-json\/wp\/v2\/media?parent=119052"}],"wp:term":[{"taxonomy":"category","embeddable":true,"href":"https:\/\/plazajuarez.mx\/historico\/wp-json\/wp\/v2\/categories?post=119052"},{"taxonomy":"post_tag","embeddable":true,"href":"https:\/\/plazajuarez.mx\/historico\/wp-json\/wp\/v2\/tags?post=119052"}],"curies":[{"name":"wp","href":"https:\/\/api.w.org\/{rel}","templated":true}]}}