{"id":118868,"date":"2020-06-18T06:00:00","date_gmt":"2020-06-18T11:00:00","guid":{"rendered":"https:\/\/plazajuarez.mx\/?p=118868"},"modified":"2020-06-17T21:30:58","modified_gmt":"2020-06-18T02:30:58","slug":"un-infierno-bonito-1514","status":"publish","type":"post","link":"https:\/\/plazajuarez.mx\/historico\/un-infierno-bonito-1514\/","title":{"rendered":"UN INFIERNO BONITO"},"content":{"rendered":"\n<h2 class=\"wp-block-heading\"><strong>\u201cEL CAN\u00cdBAL\u201d<\/strong><\/h2>\n\n\n\n<!--more-->\n\n\n\n<p class=\"wp-block-paragraph\">Me cas\u00e9 el 24 de diciembre; era el hombre m\u00e1s feliz del mundo, pero de haber sabido, me habr\u00eda divorciado el 25 del mismo mes. Mi se\u00f1ora buscaba siempre la forma de tenerme como gato ratonero y aplicarme La Ley de Herodes.&nbsp; Ah\u00ed me di cuenta que el matrimonio es una guerra, donde uno duerme con el enemigo.&nbsp;<\/p>\n\n\n\n<p class=\"wp-block-paragraph\">Ten\u00edamos problemas, porque se enojaba cuando me iba a tomar&nbsp; con mis compa\u00f1eros de la mina, porque llegaba tarde y varias veces discut\u00edamos. La verdad le ten\u00eda miedo, porque un d\u00eda me dio un tejolotazo en mi cabeza, que me dej\u00f3 pendejo.<\/p>\n\n\n\n<p class=\"wp-block-paragraph\">\u201cEl Chocolate\u201d me dec\u00eda:<\/p>\n\n\n\n<ul class=\"wp-block-list\"><li>Las mujeres son como las chamarras de cuero: muy bonitas, salen caras, luego se hacen feas y duran un chingo de a\u00f1os. Cuando tu vieja te vaya a amarrar, dale una mordida.<\/li><li>\u00a1A la que voy a morder es a tu hermana!<\/li><li>\u00a1No me eches..!<\/li><\/ul>\n\n\n\n<p class=\"wp-block-paragraph\">Una vez, cuando regresaba del trabajo en la mina por el t\u00fanel, est\u00e1bamos&nbsp; en el nivel 480 (que son&nbsp; metros de profundidad), iba acompa\u00f1ado del \u201cChilletas\u201d y del \u201cP\u00e1jaro\u201d. En el camino encontramos al bodeguero que le dec\u00edamos el \u201cTeresita\u201d; era un joven grandote y de piel blanca, bien parecido, pero era joto.&nbsp;<\/p>\n\n\n\n<p class=\"wp-block-paragraph\">Todos le hac\u00edan maldades; pero yo lo defend\u00eda para que no se pasaran de lanza. Se llamaba Arturo. Caminaba como yegua fina, y se echaba mucho perfume; ol\u00eda a mujer mala. Y me dijo:<\/p>\n\n\n\n<ul class=\"wp-block-list\"><li>\u00a1C\u00f3mo ser\u00e1s ingrato, gatote! \u00bfPor qu\u00e9 no has ido a saludarme?<\/li><li>\u00a1No he tenido tiempo, Teresita! Me cae que con estas madrizas, no me quedan ganas ni de salir.<\/li><li>\u00a1Me la vas a pagar, un d\u00eda te voy a dar con el l\u00e1tigo de mi desprecio!<\/li><\/ul>\n\n\n\n<p class=\"wp-block-paragraph\">Le dijo el Chilletas:<\/p>\n\n\n\n<ul class=\"wp-block-list\"><li>\u00a1Dale un beso para que se contente! Adem\u00e1s nos dijo \u201cEl Gato\u201d, que no te quiere porque andas con el \u201cPistolas\u201d.<\/li><li>\u00a1Toco madera! Ese g\u00fbey es un pelado. Parece que se cri\u00f3 en la bragueta de un soldado; ni su vieja ni su madre lo quieren.<\/li><\/ul>\n\n\n\n<p class=\"wp-block-paragraph\">Le dijo \u201cEl Chilletas\u201d:<\/p>\n\n\n\n<ul class=\"wp-block-list\"><li>Mira, Teresita, \u201cEl Gato\u201d no te quiere, porque le dijeron que \u201cEl \u201cGallo\u201d te anda correteando las lombrices.<\/li><li>\u00a1Qu\u00e9 chismosos! No es cierto. Es tremendo, luego me agarra por atr\u00e1s, pero lo correteo, lo alcanzo y le doy de manazos.<\/li><\/ul>\n\n\n\n<p class=\"wp-block-paragraph\">En ese momento pasaron por el lugar \u201cEl Can\u00edbal\u201d, \u201cEl Flaco\u201d y \u201cEl \u201cNahual\u201d.&nbsp;<\/p>\n\n\n\n<p class=\"wp-block-paragraph\">El trabajo de Arturo era afuera en la mina, solo recib\u00eda la dinamita y las ca\u00f1uelas. \u00c9l no era minero. Bajaba a la mina bien vestido, porque iba de entrada por salida. Llevaba un su\u00e9ter blanco. \u201cEl Can\u00edbal\u201d se embarr\u00f3 las manos de aceite y se la puso en el su\u00e9ter.<\/p>\n\n\n\n<ul class=\"wp-block-list\"><li>\u00a1Quiubole, pinche joto!<\/li><\/ul>\n\n\n\n<p class=\"wp-block-paragraph\">Arturo, por querer limpiarse, se embarr\u00f3 peor. Y le reclam\u00f3:<\/p>\n\n\n\n<ul class=\"wp-block-list\"><li>\u00a1Desgraciado, encajoso!<\/li><\/ul>\n\n\n\n<p class=\"wp-block-paragraph\">\u201cEl Can\u00edbal\u201d se carcajeaba, y le dio una cachetada. Me dio tanto coraje, que saqu\u00e9 de mi morral un frasco de comida y mi botella de refresco, y se lo zorraj\u00e9 en la cara, tumb\u00e1ndolo, y le di de patadas. Se levant\u00f3 limpi\u00e1ndose&nbsp; la sangre, y me dijo:<\/p>\n\n\n\n<ul class=\"wp-block-list\"><li>&nbsp;\u00a1Ya sacaste boleto, cabr\u00f3n, nos vemos a la salida!<\/li><li>\u00a1Donde quieras, pendejo!<\/li><\/ul>\n\n\n\n<p class=\"wp-block-paragraph\">\u201cEl Teresita\u201d era mi amigo desde la escuela, Sab\u00eda que era afeminado, pero nos llev\u00e1bamos muy bien, sin tocar nada de ese tema. Le dije al \u201cCan\u00edbal\u201d:<\/p>\n\n\n\n<ul class=\"wp-block-list\"><li>\u00a1No te metas con \u00e9l! Si quieres partirte la madre, ya lo dijiste, nos vemos a la salida.<\/li><\/ul>\n\n\n\n<p class=\"wp-block-paragraph\">Cada quien tom\u00f3 su camino. Yo me fui con mis compa\u00f1eros. Sab\u00eda qui\u00e9n era \u201cEl Can\u00edbal\u201d, un desgraciado desalmado, que siempre cargaba una navaja, y todos le ten\u00edan miedo. Era el \u201cAy nanita\u201d del barrio de El Ator\u00f3n.&nbsp;<\/p>\n\n\n\n<p class=\"wp-block-paragraph\">A la salida, nos fuimos a partir la madre en la presa del Tulip\u00e1n. Muchos compa\u00f1eros se enteraron de que iba a haber pelea, y no se la perdieron. Llegando, nos dimos de trompones, patadas, cabezazos, jalones de gre\u00f1as. La pelea era a morir. Ninguno de los dos nos d\u00e1bamos por vencidos, a pesar de que ya est\u00e1bamos sangrados y con los ojos de sapo, de tanto madrazo.&nbsp;<\/p>\n\n\n\n<p class=\"wp-block-paragraph\">Pasaron por ah\u00ed unos mineros y nos desapartaron. Yo ten\u00eda la ceja abierta, que sangraba abundantemente, lo mismo que mi nariz; un ojo cerrado, raspones en la espalda y abiertas las espinillas, de las patadas. \u201cEl Can\u00edbal\u201d qued\u00f3 peor.<\/p>\n\n\n\n<p class=\"wp-block-paragraph\">Al otro d\u00eda, ninguno de los dos fuimos a trabajar. Por mi parte, me fui al dispensario m\u00e9dico diciendo al doctor que me hab\u00eda ca\u00eddo de la carga de un cami\u00f3n en movimiento, y me dio una semana de incapacidad, pag\u00e1ndome el 60 por ciento.<\/p>\n\n\n\n<p class=\"wp-block-paragraph\">Yo viv\u00eda en la calle de Galeana, del barrio de El Arbolito. El Can\u00edbal viv\u00eda en el barrio de El Ator\u00f3n. Para ir a trabajar, nos encontramos y nos d\u00e1bamos otra madriza. Sonaba el silbato de 5 minutos para la 7 de la ma\u00f1ana, dej\u00e1bamos la pelea y corr\u00edamos para entrar a la mina.&nbsp;<\/p>\n\n\n\n<p class=\"wp-block-paragraph\">De ah\u00ed pa&#8217;l real. Cada que nos ve\u00edamos, donde quiera que fuera, nos d\u00e1bamos en la madre. Nos ten\u00edamos odio jarocho.<\/p>\n\n\n\n<p class=\"wp-block-paragraph\">En la mina de San Juan Pachuca, el jefe de seguridad, Rafael Carrillo, junto los ingenieros y el secretario general del Sindicato Minero, estaban enterados que \u00e9ramos enemigos a muerte; por eso nos mandaron llamar.<\/p>\n\n\n\n<ul class=\"wp-block-list\"><li>Si alguno de ustedes, por sus diferencias, sufre alg\u00fan accidente o lo ocasiona, los vamos a correr. Delante de sus representantes sindicales, van a firmar un documento en que la Compa\u00f1\u00eda no se hace responsable.<\/li><\/ul>\n\n\n\n<p class=\"wp-block-paragraph\">Nos cambiaron de contrato de mina, para que no nos encontr\u00e1ramos en los t\u00faneles; pero nos encontr\u00e1bamos en el ba\u00f1o, y nos d\u00e1bamos una madriza. Tuvieron que cambiarnos de turno.&nbsp;<\/p>\n\n\n\n<p class=\"wp-block-paragraph\">Dejamos de vernos algunas semanas, eso hizo reponerme de las heridas que ten\u00eda en la cara y en el cuerpo. Un d\u00eda que caminaba por el t\u00fanel que conduce a la mina de Para\u00edso, por ir distra\u00eddo me tropec\u00e9 y me fui a una tolva, fractur\u00e1ndome la mano derecha. Como iba solo, me cost\u00f3 mucho trabajo salir de un hoyo de 4 metros de altura.&nbsp;<\/p>\n\n\n\n<p class=\"wp-block-paragraph\">Me llevaron al Hospital de la Compa\u00f1\u00eda, me enyesaron la mano a manera de que parec\u00eda un guante. Durante una semana no sal\u00ed de mi casa, con el temor de encontrarme con \u201cEl Can\u00edbal\u201d, pensando que me iba a echar bronca y la verdad no pod\u00eda pelear. Aparte de que me dol\u00eda mucho la mano. Una vez baj\u00e9 a la iglesia de la Asunci\u00f3n; afuera, en una banca, estaba platicando con \u201cEl Melit\u00f3n\u201d, cuando de pronto se me apareci\u00f3 \u201cEl Can\u00edbal\u201d. Hasta se me pararon los pelos. Muy burl\u00f3n, me dijo:<\/p>\n\n\n\n<ul class=\"wp-block-list\"><li>\u00a1C\u00f3mo ser\u00e1 tu miedo, cabr\u00f3n, que no sales de tu casa! Pero como te encontr\u00e9, vamos a darnos en la madre.<\/li><\/ul>\n\n\n\n<p class=\"wp-block-paragraph\">Se me puso en guardia. Yo estaba listo para que no me fuera a descontar a la mala. Me bail\u00f3 como gallito, y me volvi\u00f3 a decir:<\/p>\n\n\n\n<ul class=\"wp-block-list\"><li>\u00a1\u00d3rale, pendejo, avi\u00e9ntate!<\/li><\/ul>\n\n\n\n<p class=\"wp-block-paragraph\">Cuando se me acerc\u00f3, con mi mano de yeso le puse un madrazo, con todas mis fuerzas, que vi c\u00f3mo cay\u00f3 fulminado como un rayo. No se movi\u00f3. Me espant\u00e9, camin\u00e9 unos metros&nbsp; y me ech\u00e9 a correr. Me escond\u00ed en una esquina y vi la ambulancia de la Cruz Roja, que se lo llev\u00f3.&nbsp;<\/p>\n\n\n\n<p class=\"wp-block-paragraph\">Uno de los que estaban de babosos, me dijo que lo hab\u00eda matado. Con mucho miedo, me fui a mi casa y cada que tocaban la puerta, me sudaba la cola, pensando que eran los ministeriales, que iban por m\u00ed.&nbsp;<\/p>\n\n\n\n<p class=\"wp-block-paragraph\">Pasaron los meses y me alivi\u00e9. Me quitaron el yeso, y me dio mucho gusto saber que \u201cEl Can\u00edbal\u201d estaba vivo. Al regresar al trabajo, me lo encontr\u00e9, y le dije.<\/p>\n\n\n\n<ul class=\"wp-block-list\"><li>\u00a1A la hora que quieras, g\u00fcey!<\/li><\/ul>\n\n\n\n<p class=\"wp-block-paragraph\">Se me qued\u00f3 mirando y se agach\u00f3, no me hizo caso, se sigui\u00f3 de frente. Sus amigos quedaron admirados de que me tuvo miedo. Poco despu\u00e9s supe que dijo que no quer\u00eda pleito conmigo porque yo ten\u00eda una pegada de patada de mula, y le hab\u00eda fracturado la mand\u00edbula.<\/p>\n","protected":false},"excerpt":{"rendered":"<p>\u201cEL CAN\u00cdBAL\u201d<\/p>\n","protected":false},"author":100,"featured_media":0,"comment_status":"closed","ping_status":"open","sticky":false,"template":"","format":"standard","meta":{"footnotes":""},"categories":[43],"tags":[],"class_list":["post-118868","post","type-post","status-publish","format-standard","hentry","category-un-infierno-bonito"],"_links":{"self":[{"href":"https:\/\/plazajuarez.mx\/historico\/wp-json\/wp\/v2\/posts\/118868","targetHints":{"allow":["GET"]}}],"collection":[{"href":"https:\/\/plazajuarez.mx\/historico\/wp-json\/wp\/v2\/posts"}],"about":[{"href":"https:\/\/plazajuarez.mx\/historico\/wp-json\/wp\/v2\/types\/post"}],"author":[{"embeddable":true,"href":"https:\/\/plazajuarez.mx\/historico\/wp-json\/wp\/v2\/users\/100"}],"replies":[{"embeddable":true,"href":"https:\/\/plazajuarez.mx\/historico\/wp-json\/wp\/v2\/comments?post=118868"}],"version-history":[{"count":0,"href":"https:\/\/plazajuarez.mx\/historico\/wp-json\/wp\/v2\/posts\/118868\/revisions"}],"wp:attachment":[{"href":"https:\/\/plazajuarez.mx\/historico\/wp-json\/wp\/v2\/media?parent=118868"}],"wp:term":[{"taxonomy":"category","embeddable":true,"href":"https:\/\/plazajuarez.mx\/historico\/wp-json\/wp\/v2\/categories?post=118868"},{"taxonomy":"post_tag","embeddable":true,"href":"https:\/\/plazajuarez.mx\/historico\/wp-json\/wp\/v2\/tags?post=118868"}],"curies":[{"name":"wp","href":"https:\/\/api.w.org\/{rel}","templated":true}]}}