{"id":118866,"date":"2020-06-18T06:00:00","date_gmt":"2020-06-18T11:00:00","guid":{"rendered":"https:\/\/plazajuarez.mx\/?p=118866"},"modified":"2020-06-17T21:33:02","modified_gmt":"2020-06-18T02:33:02","slug":"opinion-9","status":"publish","type":"post","link":"https:\/\/plazajuarez.mx\/historico\/opinion-9\/","title":{"rendered":"OPINI\u00d3N"},"content":{"rendered":"\n<h2 class=\"wp-block-heading\"><strong>Lo que somos<\/strong><\/h2>\n\n\n\n<ul class=\"wp-block-list\"><li><strong>Llevamos m\u00e1s o menos 90 d\u00edas de guardarnos, al menos quienes s\u00ed lo hemos hecho, y tambi\u00e9n, es justo decirlo, quienes en M\u00e9xico tenemos el privilegio de poderlo hacer<\/strong><\/li><\/ul>\n\n\n\n<p><strong>Por: Gabriel Guerra Castellanos &#8211; Analista pol\u00edtico<\/strong><\/p>\n\n\n\n<!--more-->\n\n\n\n<p>En medio de la pandemia, el encierro, las m\u00faltiples limitaciones que nos impone esta situaci\u00f3n tan extraordinaria como extra\u00f1a, estamos ante la oportunidad \u00fanica e irrepetible de conocernos, queridos lectores. Conocernos de verdad, no como quien se mira al espejo por las ma\u00f1anas antes de salir o quien de repente tiene un momento de introspecci\u00f3n. No, esto es mucho m\u00e1s serio, m\u00e1s profundo, m\u00e1s de verdad.<\/p>\n\n\n\n<p>Llevamos m\u00e1s o menos 90 d\u00edas de guardarnos, al menos quienes s\u00ed lo hemos hecho, y tambi\u00e9n, es justo decirlo, quienes en M\u00e9xico tenemos el privilegio de poderlo hacer. En esta noventena, por llamarle de alguna manera, nos hemos dado cuenta de muchas cosas, tal vez no con plena consciencia: de nuestra fuerza (o debilidad) de voluntad; de nuestra (in)capacidad para el orden y estructura mental; de nuestra (in)tolerancia, (in)disciplina, (in)disposici\u00f3n a la convivencia, curiosidad intelectual y emocional, gustos y disgustos, la lista es interminable\u2026<\/p>\n\n\n\n<p>Habr\u00e1 quien diga que en realidad ha conocido m\u00e1s a su pareja, o a sus hijos o padres o compa\u00f1eros de cuarentena, pero lo cierto es que es a trav\u00e9s de ellos que nos damos cuenta de c\u00f3mo somos nosotros, cada uno, en la m\u00e1s profunda intimidad: la del miedo, la incertidumbre, la desconfianza, la de la solidaridad y el compa\u00f1erismo m\u00e1s profundos pero tambi\u00e9n en el enojo, el arrebato, la frustraci\u00f3n, el arrepentimiento.<\/p>\n\n\n\n<p>Cada uno de nosotros est\u00e1 viviendo y sobreviviendo esta circunstancia de manera diferente, pero eso no quiere decir que algunos la tengan necesariamente m\u00e1s f\u00e1cil que otros. Claro, lo material pesa y mucho, sobre todo en dos aspectos, el del espacio disponible para el encierro y, el m\u00e1s importante, el de la capacidad de poder o no proveer(se) econ\u00f3micamente. Obviamente no voy a comparar a quien se encuentra en situaciones de urgencia con quienes tienen la parte material resuelta, pero en casi todos los dem\u00e1s aspectos los retos que nos ha planteado el Covid-19 son similares.<\/p>\n\n\n\n<p>El miedo al contagio, lo invisible\/inasible del bicho, el encierro, han hecho aflorar lo mejor y lo peor de cada uno no solo para con los dem\u00e1s, sino consigo mismo, y este es precisamente el proceso de descubrimiento, de reconocimiento, al que me refiero.&nbsp;<\/p>\n\n\n\n<p>El aprender a conocernos y reconocernos no necesariamente implica que nos caigamos bien, que nos guste lo que vemos. Seguramente todos hemos descubierto facetas que no imagin\u00e1bamos, proyectos familiares o individuales que ni siquiera ten\u00edamos en el radar. Y tambi\u00e9n buenos prop\u00f3sitos que, como los de a\u00f1o nuevo, no necesariamente se han cumplido. Y pues ya vendr\u00e1n las culpas, las crudas morales, los arrepentimientos.<\/p>\n\n\n\n<p>\u00bfSirven de algo? No, a menos que de ah\u00ed nos demos cuenta qui\u00e9nes y c\u00f3mo somos, qu\u00e9 clase de personas, de amigos, familiares, compa\u00f1eros somos de verdad, cuando las circunstancias aprietan.&nbsp;<\/p>\n\n\n\n<p>Falta todav\u00eda mucho para que esto acabe. Las tonalidades del sem\u00e1foro, los discursos p\u00fablicos, las conductas privadas podr\u00e1n ser indicadores, pero a fin de cuentas lo cierto es que los riesgos de contagio siguen ah\u00ed, que a\u00fan no hay vacuna ni tratamiento efectivo, que el encierro tendr\u00e1 que dar\u00e1 paso muy lenta y paulatinamente a un &#8220;regreso&#8221;, si as\u00ed lo podemos llamar, a algo que no me atrever\u00eda yo a llamar una nueva normalidad, porque de normal no tendr\u00e1 nada.<\/p>\n\n\n\n<p>As\u00ed que ahora, o en unas semanas, que se disponga usted a volver a la circulaci\u00f3n, querido lector, piense no en lo que hizo mal o dej\u00f3 de hacer durante estos meses, sino en lo que va a hacer y a dejar de hacer de ahora en adelante. Ya se habr\u00e1 usted dado cuenta de si se cae bien o mal o regular, el chiste ahora ser\u00e1 que en el futuro pueda usted seguir viviendo -y bien- consigo mismo.&nbsp;<\/p>\n\n\n\n<p>Se dice f\u00e1cil.&nbsp;<\/p>\n\n\n\n<p>Twitter: @gabrielguerrac<\/p>\n","protected":false},"excerpt":{"rendered":"<p>Lo que somos Llevamos m\u00e1s o menos 90 d\u00edas de guardarnos, al menos quienes s\u00ed lo hemos hecho, y tambi\u00e9n, es justo decirlo, quienes en M\u00e9xico tenemos el privilegio de poderlo hacer Por: Gabriel Guerra Castellanos &#8211; Analista pol\u00edtico<\/p>\n","protected":false},"author":81,"featured_media":0,"comment_status":"closed","ping_status":"open","sticky":false,"template":"","format":"standard","meta":{"footnotes":""},"categories":[42],"tags":[],"class_list":["post-118866","post","type-post","status-publish","format-standard","hentry","category-nuestrapalabra"],"_links":{"self":[{"href":"https:\/\/plazajuarez.mx\/historico\/wp-json\/wp\/v2\/posts\/118866","targetHints":{"allow":["GET"]}}],"collection":[{"href":"https:\/\/plazajuarez.mx\/historico\/wp-json\/wp\/v2\/posts"}],"about":[{"href":"https:\/\/plazajuarez.mx\/historico\/wp-json\/wp\/v2\/types\/post"}],"author":[{"embeddable":true,"href":"https:\/\/plazajuarez.mx\/historico\/wp-json\/wp\/v2\/users\/81"}],"replies":[{"embeddable":true,"href":"https:\/\/plazajuarez.mx\/historico\/wp-json\/wp\/v2\/comments?post=118866"}],"version-history":[{"count":0,"href":"https:\/\/plazajuarez.mx\/historico\/wp-json\/wp\/v2\/posts\/118866\/revisions"}],"wp:attachment":[{"href":"https:\/\/plazajuarez.mx\/historico\/wp-json\/wp\/v2\/media?parent=118866"}],"wp:term":[{"taxonomy":"category","embeddable":true,"href":"https:\/\/plazajuarez.mx\/historico\/wp-json\/wp\/v2\/categories?post=118866"},{"taxonomy":"post_tag","embeddable":true,"href":"https:\/\/plazajuarez.mx\/historico\/wp-json\/wp\/v2\/tags?post=118866"}],"curies":[{"name":"wp","href":"https:\/\/api.w.org\/{rel}","templated":true}]}}