{"id":118629,"date":"2020-06-17T06:00:00","date_gmt":"2020-06-17T11:00:00","guid":{"rendered":"https:\/\/plazajuarez.mx\/?p=118629"},"modified":"2020-06-16T21:06:32","modified_gmt":"2020-06-17T02:06:32","slug":"retrato-hereje-24","status":"publish","type":"post","link":"https:\/\/plazajuarez.mx\/historico\/retrato-hereje-24\/","title":{"rendered":"Retrato Hereje"},"content":{"rendered":"\n<h2 class=\"wp-block-heading\"><strong>Pandemia: hay prisa para tropezarnos<\/strong><\/h2>\n\n\n\n<ul class=\"wp-block-list\"><li><strong>La crisis parecer\u00eda fuera de control en diversas naciones del continente americano, desde hace meses el nuevo epicentro de la crisis sanitaria<\/strong><\/li><\/ul>\n\n\n\n<p><em><strong>Por: Roberto Rock L.<\/strong><\/em><\/p>\n\n\n\n<!--more-->\n\n\n\n<p>Una coalici\u00f3n de intereses pol\u00edticos y econ\u00f3micos \u2014no pocos de ellos derivados de nuestra dependencia con Estados Unidos\u2014 aline\u00f3 ya la estrategia oficial frente a la pandemia hacia una peligrosa apertura. Su m\u00e1s reciente logro fue doblegar las expresiones de reticencia que se manifestaban en gobiernos estatales, muy notablemente en el de la capital del pa\u00eds, a cargo de Claudia Sheinbaum, y el del Estado de M\u00e9xico, que conduce Alfredo del Mazo.&nbsp;&nbsp;<\/p>\n\n\n\n<p>Un proceso que nadie puede defender con razones sensatas parece concluir que M\u00e9xico acompasar\u00e1, d\u00edas m\u00e1s, d\u00edas menos, el programa de reapertura de actividades en Europa. No importa que el ciclo de la epidemia empez\u00f3 all\u00e1 un mes antes, con un confinamiento absoluto por 10 semanas, o que su n\u00famero de sus contagios y decesos ya se ha desplomado. Aqu\u00ed, en cambio, las cifras no dejan de crecer, incluso las aceptadas en las conferencias de Palacio Nacional.<\/p>\n\n\n\n<p>A\u00fan peor, todos los d\u00edas surgen reportes de nuevos brotes de Covid-19 en naciones que parec\u00edan inclinadas a declarar el problema bajo una retracci\u00f3n definitiva. Hoy descubren que su carrera hacia &#8220;nueva normalidad&#8221; solo los llev\u00f3 a tropezarse de nuevo. Y se est\u00e1 abriendo paso el riesgo de un regreso a la cuarentena.&nbsp;&nbsp;<\/p>\n\n\n\n<p>La crisis parecer\u00eda fuera de control en diversas naciones del continente americano, desde hace meses el nuevo epicentro de la crisis sanitaria. Estados Unidos y Brasil, a cargo de los gobiernos considerados universalmente m\u00e1s irresponsables ante esta tragedia, ven c\u00f3mo el drama no deja de agravarse. El primero, con m\u00e1s de dos millones de contagiados y casi 120 mil muertos. El segundo, con cerca de 870 mil enfermos y cerca de 45 mil fallecidos.&nbsp;<\/p>\n\n\n\n<p>Con sus casi 150 mil contagios y m\u00e1s de 17 mil fallecimientos, M\u00e9xico ocupa el lugar 14 en la lista mundial de contagios, y el 7 en la de decesos. Mientras el promedio de muertes por cada mill\u00f3n de habitantes en el planeta es de 51.7, nuestro pa\u00eds acumula 131, casi el triple.&nbsp;&nbsp;<\/p>\n\n\n\n<p>Debemos dar por descontado que contamos con la autoridad considerada en el tercer sitio de mayor incompetencia en el \u00e1mbito continental, solo debajo de los gobiernos estadounidense y brasile\u00f1o.&nbsp;&nbsp;<\/p>\n\n\n\n<p>Tambi\u00e9n nos distinguimos en otros aspectos. En Chile, el presidente Sebasti\u00e1n Pi\u00f1era ces\u00f3 a su ministro de Salud, Jaime Manalich, el d\u00eda en que el n\u00famero de muertos en todo su pa\u00eds alcanz\u00f3 231, para sumar un total de 3,010, la sexta parte que aqu\u00ed. Su cifra de contagiados es 174 mil casos, mayor que la nuestra. La remoci\u00f3n estuvo acompa\u00f1ada de versiones de que la OMS tiene indicios de que la cifra real de decesos es del doble.<\/p>\n\n\n\n<p>En contraste, el estratega y vocero para enfrentar la pandemia en M\u00e9xico, Hugo L\u00f3pez-Gatell, no ha dejado de seguir los dictados de Palacio Nacional en su narrativa. Su mayor adversario es ya la realidad. La sumisi\u00f3n mostrada estar\u00eda por serle premiada si se concreta el prop\u00f3sito de suprimir la subsecretar\u00eda que hoy ocupa en Salud la doctora Asa Cristina Laurell. L\u00f3pez-Gatell sumar\u00eda bajo su control esa estructura, lo que lo convertir\u00eda, en los hechos, en el titular del sector.<\/p>\n\n\n\n<p><strong>Apuntes:<\/strong> Uno de los aspectos m\u00e1s perturbadores de la saga por la crisis en la cooperativa Cruz Azul y su director general, Guillermo &#8220;Billy&#8221; \u00c1lvarez Cuevas, se concentra en el equipo de abogados a su servicio, no solo por su costo sino por su perfil. Documentos revisados por el autor de este espacio dan cuenta de que en la \u00faltima d\u00e9cada fueron presuntamente pagados cerca de 2,300 millones de pesos a m\u00faltiples despachos de juristas. Autoridades hacendarias y judiciales est\u00e1n concentrando la atenci\u00f3n en algunos de ellos, como el de Diego Ruiz Dur\u00e1n, que durante el gobierno Pe\u00f1a Nieto fue muy cercano a Humberto Castillejos, el poderoso ex consejero jur\u00eddico presidencial. Si resultan confirmadas las evidencias que se est\u00e1n acumulando en la UIF, de Santiago Nieto, y la FGR, de Alejandro Gertz Manero, se desatar\u00e1 un nuevo esc\u00e1ndalo frente al que parecer\u00e1 un juego de ni\u00f1os el episodio en torno a Juan Collado, otro abogado pol\u00e9mico del pasado sexenio, hoy en la c\u00e1rcel.<\/p>\n","protected":false},"excerpt":{"rendered":"<p>Pandemia: hay prisa para tropezarnos La crisis parecer\u00eda fuera de control en diversas naciones del continente americano, desde hace meses el nuevo epicentro de la crisis sanitaria Por: Roberto Rock L.<\/p>\n","protected":false},"author":81,"featured_media":0,"comment_status":"closed","ping_status":"open","sticky":false,"template":"","format":"standard","meta":{"footnotes":""},"categories":[42],"tags":[],"class_list":["post-118629","post","type-post","status-publish","format-standard","hentry","category-nuestrapalabra"],"_links":{"self":[{"href":"https:\/\/plazajuarez.mx\/historico\/wp-json\/wp\/v2\/posts\/118629","targetHints":{"allow":["GET"]}}],"collection":[{"href":"https:\/\/plazajuarez.mx\/historico\/wp-json\/wp\/v2\/posts"}],"about":[{"href":"https:\/\/plazajuarez.mx\/historico\/wp-json\/wp\/v2\/types\/post"}],"author":[{"embeddable":true,"href":"https:\/\/plazajuarez.mx\/historico\/wp-json\/wp\/v2\/users\/81"}],"replies":[{"embeddable":true,"href":"https:\/\/plazajuarez.mx\/historico\/wp-json\/wp\/v2\/comments?post=118629"}],"version-history":[{"count":0,"href":"https:\/\/plazajuarez.mx\/historico\/wp-json\/wp\/v2\/posts\/118629\/revisions"}],"wp:attachment":[{"href":"https:\/\/plazajuarez.mx\/historico\/wp-json\/wp\/v2\/media?parent=118629"}],"wp:term":[{"taxonomy":"category","embeddable":true,"href":"https:\/\/plazajuarez.mx\/historico\/wp-json\/wp\/v2\/categories?post=118629"},{"taxonomy":"post_tag","embeddable":true,"href":"https:\/\/plazajuarez.mx\/historico\/wp-json\/wp\/v2\/tags?post=118629"}],"curies":[{"name":"wp","href":"https:\/\/api.w.org\/{rel}","templated":true}]}}