{"id":118627,"date":"2020-06-17T06:00:00","date_gmt":"2020-06-17T11:00:00","guid":{"rendered":"https:\/\/plazajuarez.mx\/?p=118627"},"modified":"2020-06-16T21:07:26","modified_gmt":"2020-06-17T02:07:26","slug":"capacitan-sector-turistico-para-nueva-normalidad","status":"publish","type":"post","link":"https:\/\/plazajuarez.mx\/historico\/capacitan-sector-turistico-para-nueva-normalidad\/","title":{"rendered":"Capacitan sector tur\u00edstico para &#8220;nueva normalidad&#8221;"},"content":{"rendered":"\n<ul class=\"wp-block-list\"><li><strong>En conjunto con el gobierno estatal y los prestadores de servicios, se les informa sobre las nuevas disposiciones sanitarias<\/strong><\/li><\/ul>\n\n\n\n<!--more-->\n\n\n\n<p>De manera conjunta entre las autoridades estatales de Turismo y Salud se lleva a cabo la jornada en l\u00ednea de capacitaci\u00f3n y prevenci\u00f3n sanitaria, enfocada a los prestadores de servicios tur\u00edsticos, en donde el principal objetivo es el de orientar a las empresas de este sector sobre las medidas que se deber\u00e1n adoptar una vez que se levante la emergencia sanitaria, y se reinicien las actividades econ\u00f3micas.&nbsp;<\/p>\n\n\n\n<p>En ese sentido, esta jornada es coordinada por el titular de la Secretar\u00eda de Turismo de Hidalgo (Secturh), Eduardo Ba\u00f1os G\u00f3mez, as\u00ed como por la subcomisionada de fomento sanitario de la Comisi\u00f3n para la Protecci\u00f3n contra Riesgos Sanitarios del Estado de Hidalgo (Copriseh), Lorena Maldonado Villalba, en donde estas orientaciones se est\u00e1n realizando a trav\u00e9s de la plataforma Zoom.&nbsp;<\/p>\n\n\n\n<p>Sobre esta estrategia, los prestadores de servicios tur\u00edsticos podr\u00e1n acceder a esta aplicaci\u00f3n de acuerdo con el giro al que pertenezcan: en ese sentido, los primeros en participar fueron los que atienden balnearios y parques acu\u00e1ticos entre el 8 y 12 de junio; mientras que a partir de este pasado lunes y hasta el d\u00eda de hoy acceder\u00e1n las empresas de hospedaje.&nbsp;<\/p>\n\n\n\n<p>Por \u00faltimo, para los d\u00edas 18, 19 y 22 del mes en curso se conectar\u00e1n los representantes y prestadores que ofrecen el servicio de alimentos y bebidas, y todos en un horario de atenci\u00f3n entre las 12 a 14 horas; adem\u00e1s que dichas asesor\u00edas ser\u00e1n transmitidas v\u00eda Facebook en la p\u00e1gina oficial de la Secturh.&nbsp;<\/p>\n\n\n\n<p>En concreto, la jornada de capacitaci\u00f3n abarcar\u00e1 diferentes t\u00f3picos, como las disposiciones generales de prevenci\u00f3n de riesgos sanitarios en establecimientos de hospedaje y de alimentos que los prestadores deber\u00e1n adherirse, adem\u00e1s de m\u00e9todos de limpieza y desinfecci\u00f3n.&nbsp;<\/p>\n\n\n\n<p>Del lado de la Secturh, esta dependencia es la encargada de difundir estos lineamientos, dentro del cual se mencionar\u00e1n diferentes disposiciones como la adquisici\u00f3n y disposici\u00f3n de insumos para la sanitizaci\u00f3n de los espacios comunes, la protecci\u00f3n personal, y el nombramiento de la persona responsable de llevar a cabo estas labores y los protocolos de limpieza y de implementaci\u00f3n de filtros sanitarios.<\/p>\n","protected":false},"excerpt":{"rendered":"<p>En conjunto con el gobierno estatal y los prestadores de servicios, se les informa sobre las nuevas disposiciones sanitarias<\/p>\n","protected":false},"author":93,"featured_media":0,"comment_status":"closed","ping_status":"open","sticky":false,"template":"","format":"standard","meta":{"footnotes":""},"categories":[59],"tags":[],"class_list":["post-118627","post","type-post","status-publish","format-standard","hentry","category-general"],"_links":{"self":[{"href":"https:\/\/plazajuarez.mx\/historico\/wp-json\/wp\/v2\/posts\/118627","targetHints":{"allow":["GET"]}}],"collection":[{"href":"https:\/\/plazajuarez.mx\/historico\/wp-json\/wp\/v2\/posts"}],"about":[{"href":"https:\/\/plazajuarez.mx\/historico\/wp-json\/wp\/v2\/types\/post"}],"author":[{"embeddable":true,"href":"https:\/\/plazajuarez.mx\/historico\/wp-json\/wp\/v2\/users\/93"}],"replies":[{"embeddable":true,"href":"https:\/\/plazajuarez.mx\/historico\/wp-json\/wp\/v2\/comments?post=118627"}],"version-history":[{"count":0,"href":"https:\/\/plazajuarez.mx\/historico\/wp-json\/wp\/v2\/posts\/118627\/revisions"}],"wp:attachment":[{"href":"https:\/\/plazajuarez.mx\/historico\/wp-json\/wp\/v2\/media?parent=118627"}],"wp:term":[{"taxonomy":"category","embeddable":true,"href":"https:\/\/plazajuarez.mx\/historico\/wp-json\/wp\/v2\/categories?post=118627"},{"taxonomy":"post_tag","embeddable":true,"href":"https:\/\/plazajuarez.mx\/historico\/wp-json\/wp\/v2\/tags?post=118627"}],"curies":[{"name":"wp","href":"https:\/\/api.w.org\/{rel}","templated":true}]}}