{"id":118623,"date":"2020-06-17T06:00:00","date_gmt":"2020-06-17T11:00:00","guid":{"rendered":"https:\/\/plazajuarez.mx\/?p=118623"},"modified":"2020-06-16T21:05:09","modified_gmt":"2020-06-17T02:05:09","slug":"continua-disputa-dentro-de-la-canaco-pachuca","status":"publish","type":"post","link":"https:\/\/plazajuarez.mx\/historico\/continua-disputa-dentro-de-la-canaco-pachuca\/","title":{"rendered":"Contin\u00faa disputa dentro de la Canaco Pachuca"},"content":{"rendered":"\n<p>A trav\u00e9s de las redes sociales circula un documento, firmado por Sergio Trujillo Monroy y por el consejero nacional de la Confederaci\u00f3n de C\u00e1maras Nacionales de Comercio (Concanaco), H\u00e9ctor L\u00f3pez Rivera, con el que se insta a los comerciantes y socios afiliados a la C\u00e1mara Nacional de Comercio, Servicios y Turismo de Pachuca (Canaco Servytur) a desconocer la gesti\u00f3n de Carlos Ham Mej\u00eda al frente de este organismo.&nbsp;<\/p>\n\n\n\n<p>En este documento, se refiere que Ham Mej\u00eda hace uso del nombre de la Canaco Pachuca y del cargo de presidente de forma ilegal, ya que de acuerdo con este escrito, \u201cno posee personalidad jur\u00eddica para desempe\u00f1arse como tal, ya que desde el marzo pasado la asamblea ratific\u00f3 el cargo de presidente a Sergio Trujillo para el ejercicio 2020-2021\u201d.&nbsp;<\/p>\n\n\n\n<p>As\u00ed mismo, el comunicado expres\u00f3 que, tanto Ham Mej\u00eda como el ex presidente Juan Jes\u00fas Bravo Aguilera enfrentan denuncias por diversos cargos.<\/p>\n\n\n\n<p>Cabe destacar que, el pasado mes de marzo se realiz\u00f3 la asamblea para elegir al presidente de la Canaco Pachuca, en la que result\u00f3 electo Trujillo Monroy, pero despu\u00e9s Carlos Ham denunci\u00f3 irregularidades en el proceso, con el que solicit\u00f3 la destituci\u00f3n del dirigente y su expulsi\u00f3n de la c\u00e1mara ante la Concanaco.<\/p>\n","protected":false},"excerpt":{"rendered":"<p>A trav\u00e9s de las redes sociales circula un documento, firmado por Sergio Trujillo Monroy y por el consejero nacional de la Confederaci\u00f3n de C\u00e1maras Nacionales de Comercio (Concanaco), H\u00e9ctor L\u00f3pez Rivera, con el que se insta a los comerciantes y socios afiliados a la C\u00e1mara Nacional de Comercio, Servicios y Turismo de Pachuca (Canaco Servytur) [&hellip;]<\/p>\n","protected":false},"author":93,"featured_media":0,"comment_status":"closed","ping_status":"open","sticky":false,"template":"","format":"standard","meta":{"footnotes":""},"categories":[59],"tags":[],"class_list":["post-118623","post","type-post","status-publish","format-standard","hentry","category-general"],"_links":{"self":[{"href":"https:\/\/plazajuarez.mx\/historico\/wp-json\/wp\/v2\/posts\/118623","targetHints":{"allow":["GET"]}}],"collection":[{"href":"https:\/\/plazajuarez.mx\/historico\/wp-json\/wp\/v2\/posts"}],"about":[{"href":"https:\/\/plazajuarez.mx\/historico\/wp-json\/wp\/v2\/types\/post"}],"author":[{"embeddable":true,"href":"https:\/\/plazajuarez.mx\/historico\/wp-json\/wp\/v2\/users\/93"}],"replies":[{"embeddable":true,"href":"https:\/\/plazajuarez.mx\/historico\/wp-json\/wp\/v2\/comments?post=118623"}],"version-history":[{"count":0,"href":"https:\/\/plazajuarez.mx\/historico\/wp-json\/wp\/v2\/posts\/118623\/revisions"}],"wp:attachment":[{"href":"https:\/\/plazajuarez.mx\/historico\/wp-json\/wp\/v2\/media?parent=118623"}],"wp:term":[{"taxonomy":"category","embeddable":true,"href":"https:\/\/plazajuarez.mx\/historico\/wp-json\/wp\/v2\/categories?post=118623"},{"taxonomy":"post_tag","embeddable":true,"href":"https:\/\/plazajuarez.mx\/historico\/wp-json\/wp\/v2\/tags?post=118623"}],"curies":[{"name":"wp","href":"https:\/\/api.w.org\/{rel}","templated":true}]}}