{"id":118618,"date":"2020-06-17T06:00:00","date_gmt":"2020-06-17T11:00:00","guid":{"rendered":"https:\/\/plazajuarez.mx\/?p=118618"},"modified":"2020-06-17T06:58:59","modified_gmt":"2020-06-17T11:58:59","slug":"comienza-analisis-de-situacion-covid-19","status":"publish","type":"post","link":"https:\/\/plazajuarez.mx\/historico\/comienza-analisis-de-situacion-covid-19\/","title":{"rendered":"Comienza an\u00e1lisis de situaci\u00f3n Covid-19"},"content":{"rendered":"\n<ul class=\"wp-block-list\"><li><strong>El corte se hizo el pasado lunes, una vez terminado, el gobernador dar\u00e1 a conocer la ruta a seguir frente a la epidemia\u00a0<\/strong><\/li><\/ul>\n\n\n\n<!--more-->\n\n\n\n<p><\/p>\n\n\n\n<p>El titular de la Secretar\u00eda Ejecutiva de las Pol\u00edticas P\u00fablicas en Hidalgo, Jos\u00e9 Luis Romo&nbsp; Cruz, inform\u00f3 que el pasado lunes 15 de junio se realiz\u00f3 el corte sobre la situaci\u00f3n del Covid-19 en Hidalgo, por lo que se comenzar\u00e1 con el an\u00e1lisis de la situaci\u00f3n por medio de un grupo de expertos en distintas disciplinas y ciencias federales, locales e internacionales, a fin de tener una evaluaci\u00f3n completa de la situaci\u00f3n que aguarda la entidad respecto a la pandemia.<\/p>\n\n\n\n<p>En entrevista para el programa Al Aire, de Radio y Televisi\u00f3n de Hidalgo, el funcionario estatal refiri\u00f3 que los resultados del diagn\u00f3stico los informar\u00e1 en su momento el gobernador del estado, Omar Fayad, cuando se concluya con la evaluaci\u00f3n que deber\u00e1 ser \u201cmuy completa\u201d y que por ende, es compleja de realizar.&nbsp;<\/p>\n\n\n\n<p>En tanto, destac\u00f3 que el sem\u00e1foro epidemiol\u00f3gico en el pa\u00eds contin\u00faa en color rojo, raz\u00f3n por la que las medidas y recomendaciones sanitarias emitidas por las autoridades federales y estatales continuar\u00e1n vigentes y no se debe bajar la guardia en el tema, aunque se\u00f1al\u00f3 que a las actividades esenciales se han sumado la automotriz, la minera y la de la construcci\u00f3n, pero las empresas deber\u00e1n ser aprobadas en el cumplimiento de las medidas sanitarias y de seguridad por el Instituto Mexicano del Seguro Social (IMSS).<\/p>\n\n\n\n<p>\u201cLo que no puede suceder es que se den contagios en centros laborales, por eso hemos sido enf\u00e1ticos en que deben seguirse las recomendaciones, de ninguna manera queremos que las familias de los trabajadores paguen las consecuencias de no haber tenido la protecci\u00f3n suficiente en sus trabajos\u201d, dijo.<\/p>\n","protected":false},"excerpt":{"rendered":"<p>El corte se hizo el pasado lunes, una vez terminado, el gobernador dar\u00e1 a conocer la ruta a seguir frente a la epidemia\u00a0<\/p>\n","protected":false},"author":93,"featured_media":0,"comment_status":"closed","ping_status":"open","sticky":false,"template":"","format":"standard","meta":{"footnotes":""},"categories":[15,59],"tags":[],"class_list":["post-118618","post","type-post","status-publish","format-standard","hentry","category-destacadas","category-general"],"_links":{"self":[{"href":"https:\/\/plazajuarez.mx\/historico\/wp-json\/wp\/v2\/posts\/118618","targetHints":{"allow":["GET"]}}],"collection":[{"href":"https:\/\/plazajuarez.mx\/historico\/wp-json\/wp\/v2\/posts"}],"about":[{"href":"https:\/\/plazajuarez.mx\/historico\/wp-json\/wp\/v2\/types\/post"}],"author":[{"embeddable":true,"href":"https:\/\/plazajuarez.mx\/historico\/wp-json\/wp\/v2\/users\/93"}],"replies":[{"embeddable":true,"href":"https:\/\/plazajuarez.mx\/historico\/wp-json\/wp\/v2\/comments?post=118618"}],"version-history":[{"count":0,"href":"https:\/\/plazajuarez.mx\/historico\/wp-json\/wp\/v2\/posts\/118618\/revisions"}],"wp:attachment":[{"href":"https:\/\/plazajuarez.mx\/historico\/wp-json\/wp\/v2\/media?parent=118618"}],"wp:term":[{"taxonomy":"category","embeddable":true,"href":"https:\/\/plazajuarez.mx\/historico\/wp-json\/wp\/v2\/categories?post=118618"},{"taxonomy":"post_tag","embeddable":true,"href":"https:\/\/plazajuarez.mx\/historico\/wp-json\/wp\/v2\/tags?post=118618"}],"curies":[{"name":"wp","href":"https:\/\/api.w.org\/{rel}","templated":true}]}}