{"id":118466,"date":"2020-06-16T06:00:00","date_gmt":"2020-06-16T11:00:00","guid":{"rendered":"https:\/\/plazajuarez.mx\/?p=118466"},"modified":"2020-06-15T21:50:05","modified_gmt":"2020-06-16T02:50:05","slug":"alfil-negro-1852","status":"publish","type":"post","link":"https:\/\/plazajuarez.mx\/historico\/alfil-negro-1852\/","title":{"rendered":"ALFIL NEGRO"},"content":{"rendered":"\n<h4 class=\"wp-block-heading\">PUEDE SER UN JUEVES MOVIDO<\/h4>\n\n\n\n<!--more-->\n\n\n\n<p>Este jueves viene a Hidalgo el Presidente Obrador y seguramente ser\u00e1 un d\u00eda movido,&nbsp; pues los inconformes con la situaci\u00f3n que provoca la pandemia, aprovechar\u00e1n la gira para manifestarse y exigir desde apoyos hasta la apertura de negocios, o bien la cancelaci\u00f3n de programas que sienten les da\u00f1an, aunque sean medidas que frenan contagios y, por lo mismo, fallecimientos.<\/p>\n\n\n\n<p>Es una posibilidad que se puede dar, sobre todo si aparecen las manos ni tan misteriosas que mecen la cuna.<\/p>\n\n\n\n<p>Un caso que no se debe menospreciar, es el Grupo Universidad que hace unas horas recibi\u00f3 fuerte golpe de Santiago Nieto, el de Inteligencia Financiera, con el congelamiento de nuevas cuentas, que son un signo de que el asunto va en serio.<\/p>\n\n\n\n<p>No ser\u00eda raro que este grupo se hiciera presente, como es su estilo, exigiendo sus 150 y tantos millones de d\u00f3lares, que se los mantienen en el refrigerador.<\/p>\n\n\n\n<p>Puede ser&#8230; como dec\u00eda Don Memo.<\/p>\n\n\n\n<p>Y pensar que hace poco,&nbsp; ped\u00edan a gritos la cabeza de Nieto, porque se dec\u00edan agraviados y porque seg\u00fan ellos, hab\u00eda cometido una grave falta contra una resoluci\u00f3n judicial.<\/p>\n\n\n\n<p>Si la intenci\u00f3n es hacerse presentes,&nbsp; pueden ir incluso sus diputados, para pedir justicia para el patr\u00f3n, ya ve usted que ni se les da el servilismo.<\/p>\n\n\n\n<p>Desde luego, se pueden sumar los inconformes con el &#8220;Hoy no Circula&#8221; , como ya lo han hecho, incluso con agresiones a la polic\u00eda, pero&nbsp; siempre y cuando su patr\u00f3n se los ordene.<\/p>\n\n\n\n<p>Y pueden sumar a Fern\u00e1ndez Noro\u00f1a, que es un aut\u00e9ntico ajonjol\u00ed de todos los moles.<\/p>\n\n\n\n<p>Son posibilidades que pueden darse, porque los garzas andan medio bocabajeados por Santiago, el matamoros.<\/p>\n\n\n\n<p>A lo mejor hasta se aparecen los seguidores de Cipriano Charrez, para para exigir su liberaci\u00f3n .<\/p>\n\n\n\n<p>Y tambi\u00e9n, a lo mejor aparecen los acusadores contra el gobernador, por lo que sea para lastimar o da\u00f1ar la imagen del gobernante del estado.&nbsp;<\/p>\n\n\n\n<p>Puede ser.<\/p>\n\n\n\n<p>Pero tambi\u00e9n, que no pase nada y todo transcurra en paz.<\/p>\n\n\n\n<p>Aunque es una buena oportunidad para que los vivos de siempre se quieran hacer presentes.<\/p>\n\n\n\n<p>Veremos.<\/p>\n","protected":false},"excerpt":{"rendered":"<p>PUEDE SER UN JUEVES MOVIDO<\/p>\n","protected":false},"author":83,"featured_media":0,"comment_status":"closed","ping_status":"open","sticky":false,"template":"","format":"standard","meta":{"footnotes":""},"categories":[48,42],"tags":[],"class_list":["post-118466","post","type-post","status-publish","format-standard","hentry","category-adalberto-peralta","category-nuestrapalabra"],"_links":{"self":[{"href":"https:\/\/plazajuarez.mx\/historico\/wp-json\/wp\/v2\/posts\/118466","targetHints":{"allow":["GET"]}}],"collection":[{"href":"https:\/\/plazajuarez.mx\/historico\/wp-json\/wp\/v2\/posts"}],"about":[{"href":"https:\/\/plazajuarez.mx\/historico\/wp-json\/wp\/v2\/types\/post"}],"author":[{"embeddable":true,"href":"https:\/\/plazajuarez.mx\/historico\/wp-json\/wp\/v2\/users\/83"}],"replies":[{"embeddable":true,"href":"https:\/\/plazajuarez.mx\/historico\/wp-json\/wp\/v2\/comments?post=118466"}],"version-history":[{"count":0,"href":"https:\/\/plazajuarez.mx\/historico\/wp-json\/wp\/v2\/posts\/118466\/revisions"}],"wp:attachment":[{"href":"https:\/\/plazajuarez.mx\/historico\/wp-json\/wp\/v2\/media?parent=118466"}],"wp:term":[{"taxonomy":"category","embeddable":true,"href":"https:\/\/plazajuarez.mx\/historico\/wp-json\/wp\/v2\/categories?post=118466"},{"taxonomy":"post_tag","embeddable":true,"href":"https:\/\/plazajuarez.mx\/historico\/wp-json\/wp\/v2\/tags?post=118466"}],"curies":[{"name":"wp","href":"https:\/\/api.w.org\/{rel}","templated":true}]}}