{"id":118440,"date":"2020-06-16T06:00:00","date_gmt":"2020-06-16T11:00:00","guid":{"rendered":"https:\/\/plazajuarez.mx\/?p=118440"},"modified":"2020-06-15T19:59:14","modified_gmt":"2020-06-16T00:59:14","slug":"rusia-condena-a-16-anos-de-carcel-a-estadounidense","status":"publish","type":"post","link":"https:\/\/plazajuarez.mx\/historico\/rusia-condena-a-16-anos-de-carcel-a-estadounidense\/","title":{"rendered":"Rusia condena a 16 a\u00f1os de c\u00e1rcel a estadounidense"},"content":{"rendered":"\n<ul class=\"wp-block-list\"><li><strong>\u201cPor espionaje\u201d.&nbsp; Se tensan, a\u00fan m\u00e1s, las relaciones entre ambos pa\u00edses&nbsp;<\/strong><\/li><\/ul>\n\n\n\n<!--more-->\n\n\n\n<p>EFE.- Un tribunal ruso conden\u00f3 al ciudadano estadounidense Paul Whelan, un ex infante de marina detenido en Mosc\u00fa en 2018, a 16 a\u00f1os de prisi\u00f3n tras hallarlo culpable de espionaje, tensando as\u00ed a\u00fan m\u00e1s las relaciones entre ambos pa\u00edses.<\/p>\n\n\n\n<p>La corte de Mosc\u00fa &#8220;dictamin\u00f3 castigar a Whelan con 16 a\u00f1os de prisi\u00f3n en una c\u00e1rcel de m\u00e1xima seguridad&#8221;, reza la sentencia le\u00edda por el juez Andr\u00e9i Suv\u00f3rov.<\/p>\n\n\n\n<p>La Fiscal\u00eda hab\u00eda pedido a finales de mayo 18 a\u00f1os de prisi\u00f3n para el estadounidense, que tambi\u00e9n tiene la ciudadan\u00eda irlandesa, brit\u00e1nica y canadiense.<\/p>\n\n\n\n<p>Whelan, de 50 a\u00f1os, fue detenido el 28 de diciembre de 2018 por agentes del Servicio Federal de Seguridad (FSB, antiguo KGB) en un hotel de Mosc\u00fa.<\/p>\n","protected":false},"excerpt":{"rendered":"<p>\u201cPor espionaje\u201d.&nbsp; Se tensan, a\u00fan m\u00e1s, las relaciones entre ambos pa\u00edses&nbsp;<\/p>\n","protected":false},"author":80,"featured_media":0,"comment_status":"closed","ping_status":"open","sticky":false,"template":"","format":"standard","meta":{"footnotes":""},"categories":[31],"tags":[],"class_list":["post-118440","post","type-post","status-publish","format-standard","hentry","category-orbe"],"_links":{"self":[{"href":"https:\/\/plazajuarez.mx\/historico\/wp-json\/wp\/v2\/posts\/118440","targetHints":{"allow":["GET"]}}],"collection":[{"href":"https:\/\/plazajuarez.mx\/historico\/wp-json\/wp\/v2\/posts"}],"about":[{"href":"https:\/\/plazajuarez.mx\/historico\/wp-json\/wp\/v2\/types\/post"}],"author":[{"embeddable":true,"href":"https:\/\/plazajuarez.mx\/historico\/wp-json\/wp\/v2\/users\/80"}],"replies":[{"embeddable":true,"href":"https:\/\/plazajuarez.mx\/historico\/wp-json\/wp\/v2\/comments?post=118440"}],"version-history":[{"count":0,"href":"https:\/\/plazajuarez.mx\/historico\/wp-json\/wp\/v2\/posts\/118440\/revisions"}],"wp:attachment":[{"href":"https:\/\/plazajuarez.mx\/historico\/wp-json\/wp\/v2\/media?parent=118440"}],"wp:term":[{"taxonomy":"category","embeddable":true,"href":"https:\/\/plazajuarez.mx\/historico\/wp-json\/wp\/v2\/categories?post=118440"},{"taxonomy":"post_tag","embeddable":true,"href":"https:\/\/plazajuarez.mx\/historico\/wp-json\/wp\/v2\/tags?post=118440"}],"curies":[{"name":"wp","href":"https:\/\/api.w.org\/{rel}","templated":true}]}}