{"id":118439,"date":"2020-06-16T06:00:00","date_gmt":"2020-06-16T11:00:00","guid":{"rendered":"https:\/\/plazajuarez.mx\/?p=118439"},"modified":"2020-06-15T19:58:36","modified_gmt":"2020-06-16T00:58:36","slug":"brasil-arrestaron-a-militantes-bolsonaristas","status":"publish","type":"post","link":"https:\/\/plazajuarez.mx\/historico\/brasil-arrestaron-a-militantes-bolsonaristas\/","title":{"rendered":"Brasil: arrestaron a militantes bolsonaristas"},"content":{"rendered":"\n<ul class=\"wp-block-list\"><li><strong>&nbsp;\u201cPor ataques a la democracia en Brasil de estos de seis militantes de movimientos radicales\u201d&nbsp;<\/strong><\/li><\/ul>\n\n\n\n<!--more-->\n\n\n\n<p>EFE.- La Corte Suprema de Brasil orden\u00f3 ayer el arresto de seis militantes de movimientos radicales que apoyan al presidente Jair Bolsonaro acusados de haber liderado manifestaciones antidemocr\u00e1ticas en los \u00faltimos d\u00edas, informaron fuentes oficiales.<\/p>\n\n\n\n<p>Uno de los mandatos de detenci\u00f3n fue dictado contra Sara Winter, una conocida militante bolsonarista muy activa en las redes sociales y que fue detenida en la ma\u00f1ana de ayer en Brasilia.<\/p>\n\n\n\n<p>La instituci\u00f3n no divulg\u00f3 el nombre de los otros cinco militantes contra los que se dictaron las \u00f3rdenes de arresto ni confirm\u00f3 si los hab\u00eda localizado.<\/p>\n\n\n\n<p>Las detenciones fueron ordenadas por el magistrado Alexandre de Moraes, uno de los miembros del Supremo Tribunal Federal, a petici\u00f3n del vicefiscal general de la Rep\u00fablica Humberto Medeiros, en el marco de un proceso sigiloso que investiga actos antidemocr\u00e1ticos promovidos por grupos bolsonaristas.<\/p>\n\n\n\n<p>En tales manifestaciones, a algunas de las cuales acudi\u00f3 el propio jefe de Estado en Brasilia, los militantes defienden mensajes antidemocr\u00e1ticos como el cierre del Congreso y de la Corte Suprema, as\u00ed como una &#8220;intervenci\u00f3n militar&#8221;.<\/p>\n\n\n\n<p>El l\u00edder ultraderechista ha criticado a los militantes que insisten en llevar letreros y entonar c\u00e1nticos antidemocr\u00e1ticos en medio de manifestantes de sus seguidores.<\/p>\n","protected":false},"excerpt":{"rendered":"<p>&nbsp;\u201cPor ataques a la democracia en Brasil de estos de seis militantes de movimientos radicales\u201d&nbsp;<\/p>\n","protected":false},"author":80,"featured_media":0,"comment_status":"closed","ping_status":"open","sticky":false,"template":"","format":"standard","meta":{"footnotes":""},"categories":[31],"tags":[],"class_list":["post-118439","post","type-post","status-publish","format-standard","hentry","category-orbe"],"_links":{"self":[{"href":"https:\/\/plazajuarez.mx\/historico\/wp-json\/wp\/v2\/posts\/118439","targetHints":{"allow":["GET"]}}],"collection":[{"href":"https:\/\/plazajuarez.mx\/historico\/wp-json\/wp\/v2\/posts"}],"about":[{"href":"https:\/\/plazajuarez.mx\/historico\/wp-json\/wp\/v2\/types\/post"}],"author":[{"embeddable":true,"href":"https:\/\/plazajuarez.mx\/historico\/wp-json\/wp\/v2\/users\/80"}],"replies":[{"embeddable":true,"href":"https:\/\/plazajuarez.mx\/historico\/wp-json\/wp\/v2\/comments?post=118439"}],"version-history":[{"count":0,"href":"https:\/\/plazajuarez.mx\/historico\/wp-json\/wp\/v2\/posts\/118439\/revisions"}],"wp:attachment":[{"href":"https:\/\/plazajuarez.mx\/historico\/wp-json\/wp\/v2\/media?parent=118439"}],"wp:term":[{"taxonomy":"category","embeddable":true,"href":"https:\/\/plazajuarez.mx\/historico\/wp-json\/wp\/v2\/categories?post=118439"},{"taxonomy":"post_tag","embeddable":true,"href":"https:\/\/plazajuarez.mx\/historico\/wp-json\/wp\/v2\/tags?post=118439"}],"curies":[{"name":"wp","href":"https:\/\/api.w.org\/{rel}","templated":true}]}}