{"id":118438,"date":"2020-06-16T06:00:00","date_gmt":"2020-06-16T11:00:00","guid":{"rendered":"https:\/\/plazajuarez.mx\/?p=118438"},"modified":"2020-06-15T19:57:48","modified_gmt":"2020-06-16T00:57:48","slug":"alemania-vigila-a-su-alternativa","status":"publish","type":"post","link":"https:\/\/plazajuarez.mx\/historico\/alemania-vigila-a-su-alternativa\/","title":{"rendered":"Alemania vigila a su \u201cAlternativa\u201d"},"content":{"rendered":"\n<ul class=\"wp-block-list\"><li><strong>&#8220;Indicios reales&#8221; de las aspiraciones ultraderechistas de esta formaci\u00f3n contra el orden&nbsp;<\/strong><\/li><\/ul>\n\n\n\n<!--more-->\n\n\n\n<p>EFE.- La ultraderechista Alternativa para Alemania (AfD) en Brandeburgo se ha convertido en objeto de vigilancia por parte del espionaje interior, seg\u00fan inform\u00f3 ayer el Ministerio del Interior.<\/p>\n\n\n\n<p>Existen &#8220;suficientes indicios reales y de peso&#8221; acerca de las aspiraciones ultraderechistas de esta formaci\u00f3n a nivel regional contra el orden liberal y democr\u00e1tico, declar\u00f3 en rueda de prensa el presidente de los servicios secretos del interior en Brandeburgo, J\u00f6rg M\u00fcller.<\/p>\n\n\n\n<p>Los servicios secretos podr\u00e1n as\u00ed utilizar todos los medios y m\u00e9todos disponibles para esclarecer si estas sospechas se confirman.<\/p>\n\n\n\n<p>Ven &#8220;con gran preocupaci\u00f3n el rumbo que ha tomado la AfD en Brandeburgo&#8221;, que &#8220;ha sido y est\u00e1 siendo liderada de hecho por un extremista radical independiente&#8221;, dijo M\u00fcller al referirse a la controvertida figura de Andreas Kalbitz.<\/p>\n","protected":false},"excerpt":{"rendered":"<p>&#8220;Indicios reales&#8221; de las aspiraciones ultraderechistas de esta formaci\u00f3n contra el orden&nbsp;<\/p>\n","protected":false},"author":80,"featured_media":0,"comment_status":"closed","ping_status":"open","sticky":false,"template":"","format":"standard","meta":{"footnotes":""},"categories":[31],"tags":[],"class_list":["post-118438","post","type-post","status-publish","format-standard","hentry","category-orbe"],"_links":{"self":[{"href":"https:\/\/plazajuarez.mx\/historico\/wp-json\/wp\/v2\/posts\/118438","targetHints":{"allow":["GET"]}}],"collection":[{"href":"https:\/\/plazajuarez.mx\/historico\/wp-json\/wp\/v2\/posts"}],"about":[{"href":"https:\/\/plazajuarez.mx\/historico\/wp-json\/wp\/v2\/types\/post"}],"author":[{"embeddable":true,"href":"https:\/\/plazajuarez.mx\/historico\/wp-json\/wp\/v2\/users\/80"}],"replies":[{"embeddable":true,"href":"https:\/\/plazajuarez.mx\/historico\/wp-json\/wp\/v2\/comments?post=118438"}],"version-history":[{"count":0,"href":"https:\/\/plazajuarez.mx\/historico\/wp-json\/wp\/v2\/posts\/118438\/revisions"}],"wp:attachment":[{"href":"https:\/\/plazajuarez.mx\/historico\/wp-json\/wp\/v2\/media?parent=118438"}],"wp:term":[{"taxonomy":"category","embeddable":true,"href":"https:\/\/plazajuarez.mx\/historico\/wp-json\/wp\/v2\/categories?post=118438"},{"taxonomy":"post_tag","embeddable":true,"href":"https:\/\/plazajuarez.mx\/historico\/wp-json\/wp\/v2\/tags?post=118438"}],"curies":[{"name":"wp","href":"https:\/\/api.w.org\/{rel}","templated":true}]}}