{"id":118431,"date":"2020-06-16T06:00:00","date_gmt":"2020-06-16T11:00:00","guid":{"rendered":"https:\/\/plazajuarez.mx\/?p=118431"},"modified":"2020-06-15T19:50:26","modified_gmt":"2020-06-16T00:50:26","slug":"creditos-liberados-insuficientes-en-cdmx-pan","status":"publish","type":"post","link":"https:\/\/plazajuarez.mx\/historico\/creditos-liberados-insuficientes-en-cdmx-pan\/","title":{"rendered":"&#8220;Cr\u00e9ditos liberados, insuficientes en CDMX\u201d: PAN"},"content":{"rendered":"\n<ul class=\"wp-block-list\"><li><strong>\u201cNo alcanzar\u00e1n para enfrentar Covid-19\u201d<\/strong><\/li><\/ul>\n\n\n\n<!--more-->\n\n\n\n<p>Pide PAN gestionar mayores recursos en apoyo a la econom\u00eda de las familias que laboran en el ramo de los servicios y eventos sociales<\/p>\n\n\n\n<p>AGENCIA EL UNIVERSAL.- Para el diputado local del PAN, Jorge Triana Tena, los cr\u00e9ditos liberados por los gobiernos local y federal, son insuficientes para cubrir la demanda econ\u00f3mica de millones de familias capitalinas, &#8220;quienes est\u00e1n a merced de la \u2018Nueva Normalidad\u2019.<\/p>\n\n\n\n<p>Por ello, plante\u00f3 a la Jefatura de Gobierno local, a trav\u00e9s de un punto de acuerdo presentado por su compa\u00f1era Am\u00e9rica Rangel, gestionar mayores recursos en apoyo a la econom\u00eda de las familias dependientes de personas que laboran en el ramo de los servicios y eventos sociales.<\/p>\n\n\n\n<p>De acuerdo al panista, este sector ha quedado en el olvido a lo largo de estos dos meses tras el confinamiento derivado de la pandemia, son personas que trabajaban al d\u00eda en sectores de la cultura, el espect\u00e1culo, el arte y el entretenimiento.<\/p>\n","protected":false},"excerpt":{"rendered":"<p>\u201cNo alcanzar\u00e1n para enfrentar Covid-19\u201d<\/p>\n","protected":false},"author":81,"featured_media":0,"comment_status":"closed","ping_status":"open","sticky":false,"template":"","format":"standard","meta":{"footnotes":""},"categories":[36],"tags":[],"class_list":["post-118431","post","type-post","status-publish","format-standard","hentry","category-nacion"],"_links":{"self":[{"href":"https:\/\/plazajuarez.mx\/historico\/wp-json\/wp\/v2\/posts\/118431","targetHints":{"allow":["GET"]}}],"collection":[{"href":"https:\/\/plazajuarez.mx\/historico\/wp-json\/wp\/v2\/posts"}],"about":[{"href":"https:\/\/plazajuarez.mx\/historico\/wp-json\/wp\/v2\/types\/post"}],"author":[{"embeddable":true,"href":"https:\/\/plazajuarez.mx\/historico\/wp-json\/wp\/v2\/users\/81"}],"replies":[{"embeddable":true,"href":"https:\/\/plazajuarez.mx\/historico\/wp-json\/wp\/v2\/comments?post=118431"}],"version-history":[{"count":0,"href":"https:\/\/plazajuarez.mx\/historico\/wp-json\/wp\/v2\/posts\/118431\/revisions"}],"wp:attachment":[{"href":"https:\/\/plazajuarez.mx\/historico\/wp-json\/wp\/v2\/media?parent=118431"}],"wp:term":[{"taxonomy":"category","embeddable":true,"href":"https:\/\/plazajuarez.mx\/historico\/wp-json\/wp\/v2\/categories?post=118431"},{"taxonomy":"post_tag","embeddable":true,"href":"https:\/\/plazajuarez.mx\/historico\/wp-json\/wp\/v2\/tags?post=118431"}],"curies":[{"name":"wp","href":"https:\/\/api.w.org\/{rel}","templated":true}]}}