{"id":118429,"date":"2020-06-16T06:00:00","date_gmt":"2020-06-16T11:00:00","guid":{"rendered":"https:\/\/plazajuarez.mx\/?p=118429"},"modified":"2020-06-15T19:49:30","modified_gmt":"2020-06-16T00:49:30","slug":"posponen-el-tradicional-festival-de-la-guelaguetza","status":"publish","type":"post","link":"https:\/\/plazajuarez.mx\/historico\/posponen-el-tradicional-festival-de-la-guelaguetza\/","title":{"rendered":"Posponen el tradicional festival de la Guelaguetza"},"content":{"rendered":"\n<ul class=\"wp-block-list\"><li><strong>Eval\u00faan llevarlo a cabo en diciembre&nbsp;<\/strong><\/li><\/ul>\n\n\n\n<!--more-->\n\n\n\n<p>La fiesta -donde se presenta la m\u00fasica, el baile y el canto de las etnias oaxaque\u00f1as- tuvo lugar por primera vez en julio de 1932<\/p>\n\n\n\n<p>EFE.- El gobernador de Oaxaca, Alejandro Murat, anunci\u00f3 oficialmente el aplazamiento de la tradicional fiesta de la Guelaguetza, prevista para finales de julio, debido a la pandemia. &#8220;He decidido que se posponga la Guelaguetza y estaremos evaluando llevar a cabo actividades de Guelaguetza en diciembre&#8221;, indic\u00f3 en un video difundido en redes sociales.<\/p>\n\n\n\n<p>Murat explic\u00f3 que Oaxaca contin\u00faa esta semana en sem\u00e1foro rojo, es decir, que por elevado n\u00famero de contagios contin\u00faan limitadas las actividades productivas y solo funcionan aquellas esenciales.<\/p>\n\n\n\n<p>Inform\u00f3 que, si las condiciones lo permiten, esta importante fiesta de Oaxaca se aplazar\u00e1 para diciembre, y siempre que las condiciones lo permitan. Indic\u00f3 que espera en las pr\u00f3ximas semanas empezar una apertura gradual del sector tur\u00edstico.<\/p>\n\n\n\n<p>Oaxaca suma al momento 3.078 contagios y 343 defunciones, siendo la regi\u00f3n de los Valles Centrales, donde se localiza la ciudad de Oaxaca, la mayor afectada por la pandemia.<\/p>\n\n\n\n<p>El a\u00f1o pasado, la tradicional fiesta de la Guelaguetza gener\u00f3 una entrada econ\u00f3mica de m\u00e1s de 400 millones de pesos.<\/p>\n\n\n\n<p>La fiesta -donde se presenta la m\u00fasica, el baile y el canto de las etnias oaxaque\u00f1as- tuvo lugar por primera vez en julio de 1932, como un homenaje racial por los 400 a\u00f1os de que Oaxaca recibi\u00f3 el rango de ciudad a trav\u00e9s de una c\u00e9dula real de la corona espa\u00f1ola.<\/p>\n\n\n\n<p>Tambi\u00e9n se hizo coincidir la festividad con las fiestas de la virgen del Carmen Alto, que sustituy\u00f3 a las deidades mixtecas y zapotecas como la diosa Cent\u00e9otl, que ahora tambi\u00e9n se reivindica en estas celebraciones.<\/p>\n","protected":false},"excerpt":{"rendered":"<p>Eval\u00faan llevarlo a cabo en diciembre&nbsp;<\/p>\n","protected":false},"author":80,"featured_media":0,"comment_status":"closed","ping_status":"open","sticky":false,"template":"","format":"standard","meta":{"footnotes":""},"categories":[36],"tags":[],"class_list":["post-118429","post","type-post","status-publish","format-standard","hentry","category-nacion"],"_links":{"self":[{"href":"https:\/\/plazajuarez.mx\/historico\/wp-json\/wp\/v2\/posts\/118429","targetHints":{"allow":["GET"]}}],"collection":[{"href":"https:\/\/plazajuarez.mx\/historico\/wp-json\/wp\/v2\/posts"}],"about":[{"href":"https:\/\/plazajuarez.mx\/historico\/wp-json\/wp\/v2\/types\/post"}],"author":[{"embeddable":true,"href":"https:\/\/plazajuarez.mx\/historico\/wp-json\/wp\/v2\/users\/80"}],"replies":[{"embeddable":true,"href":"https:\/\/plazajuarez.mx\/historico\/wp-json\/wp\/v2\/comments?post=118429"}],"version-history":[{"count":0,"href":"https:\/\/plazajuarez.mx\/historico\/wp-json\/wp\/v2\/posts\/118429\/revisions"}],"wp:attachment":[{"href":"https:\/\/plazajuarez.mx\/historico\/wp-json\/wp\/v2\/media?parent=118429"}],"wp:term":[{"taxonomy":"category","embeddable":true,"href":"https:\/\/plazajuarez.mx\/historico\/wp-json\/wp\/v2\/categories?post=118429"},{"taxonomy":"post_tag","embeddable":true,"href":"https:\/\/plazajuarez.mx\/historico\/wp-json\/wp\/v2\/tags?post=118429"}],"curies":[{"name":"wp","href":"https:\/\/api.w.org\/{rel}","templated":true}]}}