{"id":118428,"date":"2020-06-16T06:00:00","date_gmt":"2020-06-16T11:00:00","guid":{"rendered":"https:\/\/plazajuarez.mx\/?p=118428"},"modified":"2020-06-15T19:48:56","modified_gmt":"2020-06-16T00:48:56","slug":"mexico-defendera-tema-de-estacionalidad-se","status":"publish","type":"post","link":"https:\/\/plazajuarez.mx\/historico\/mexico-defendera-tema-de-estacionalidad-se\/","title":{"rendered":"&#8220;M\u00e9xico defender\u00e1 tema de estacionalidad\u201d: SE"},"content":{"rendered":"\n<ul class=\"wp-block-list\"><li><strong>En importaciones de EU, en ciertas estaciones del a\u00f1os&nbsp;<\/strong><\/li><\/ul>\n\n\n\n<!--more-->\n\n\n\n<p>\u201cEstamos viendo la posibilidad de una defensa no s\u00f3lo al amparo del T-MEC, sino a los instrumentos de la OMC\u201d<\/p>\n\n\n\n<p>La secretaria de Econom\u00eda, Graciela M\u00e1rquez Col\u00edn, anunci\u00f3 que M\u00e9xico prepara una defensa ante la intenci\u00f3n del representante comercial de EU, Robert Lighthizer, de limitar las importaciones de ese pa\u00eds de productos del campo mexicano en ciertas estaciones del a\u00f1o.<\/p>\n\n\n\n<p>Durante la reuni\u00f3n que mantuvo ayer con empresarios y senadores, M\u00e1rquez Col\u00edn retom\u00f3 el llamado del presidente del Consejo Nacional Agropecuario, Bosco de la Vega, para advertir que la medida no forma parte del T-MEC y por ello no ceder\u00e1n a que el pa\u00eds vecino la imponga.<\/p>\n\n\n\n<p>&#8220;Estamos viendo c\u00f3mo utilizar los propios mecanismos de defensa del tratado para acompa\u00f1ar los temas de estacionalidad. Sabemos que el tema de estacionalidad no es asunto que formaba parte del tratado y no se incorpor\u00f3, ni en el tratado, ni en el acuerdo modificatorio que le sigui\u00f3\u201d.<\/p>\n\n\n\n<p>&#8220;Tenemos los instrumentos para presentar esta postura firme sobre la estacionalidad. Estamos viendo la posibilidad de una defensa no s\u00f3lo al amparo del T-MEC, sino a los instrumentos de la Organizaci\u00f3n Mundial del Comercio y de una posible respuesta arancelaria que pudi\u00e9ramos tener, s\u00f3lo de manera preventiva&#8221;, se\u00f1al\u00f3.<\/p>\n\n\n\n<p>Dijo que, pr\u00f3ximamente, se reunir\u00e1 con el Consejo Nacional Agropecuario para tener la lista la respuesta en caso de que la medida se materializara. Se\u00f1al\u00f3 que espera que las conversaciones que mantienen en Washington avancen.<\/p>\n\n\n\n<p>Adem\u00e1s, la secretaria de Econom\u00eda asegur\u00f3 que esta semana quedar\u00e1n resueltas algunas cuestiones pendientes sobre el T-MEC, como la promulgaci\u00f3n del tratado por parte de AMLO.<\/p>\n","protected":false},"excerpt":{"rendered":"<p>En importaciones de EU, en ciertas estaciones del a\u00f1os&nbsp;<\/p>\n","protected":false},"author":81,"featured_media":0,"comment_status":"closed","ping_status":"open","sticky":false,"template":"","format":"standard","meta":{"footnotes":""},"categories":[36],"tags":[],"class_list":["post-118428","post","type-post","status-publish","format-standard","hentry","category-nacion"],"_links":{"self":[{"href":"https:\/\/plazajuarez.mx\/historico\/wp-json\/wp\/v2\/posts\/118428","targetHints":{"allow":["GET"]}}],"collection":[{"href":"https:\/\/plazajuarez.mx\/historico\/wp-json\/wp\/v2\/posts"}],"about":[{"href":"https:\/\/plazajuarez.mx\/historico\/wp-json\/wp\/v2\/types\/post"}],"author":[{"embeddable":true,"href":"https:\/\/plazajuarez.mx\/historico\/wp-json\/wp\/v2\/users\/81"}],"replies":[{"embeddable":true,"href":"https:\/\/plazajuarez.mx\/historico\/wp-json\/wp\/v2\/comments?post=118428"}],"version-history":[{"count":0,"href":"https:\/\/plazajuarez.mx\/historico\/wp-json\/wp\/v2\/posts\/118428\/revisions"}],"wp:attachment":[{"href":"https:\/\/plazajuarez.mx\/historico\/wp-json\/wp\/v2\/media?parent=118428"}],"wp:term":[{"taxonomy":"category","embeddable":true,"href":"https:\/\/plazajuarez.mx\/historico\/wp-json\/wp\/v2\/categories?post=118428"},{"taxonomy":"post_tag","embeddable":true,"href":"https:\/\/plazajuarez.mx\/historico\/wp-json\/wp\/v2\/tags?post=118428"}],"curies":[{"name":"wp","href":"https:\/\/api.w.org\/{rel}","templated":true}]}}