{"id":118417,"date":"2020-06-16T06:00:00","date_gmt":"2020-06-16T11:00:00","guid":{"rendered":"https:\/\/plazajuarez.mx\/?p=118417"},"modified":"2020-06-15T19:38:33","modified_gmt":"2020-06-16T00:38:33","slug":"concluye-rehabilitacion-del-tren-ecologico-en-tulancingo","status":"publish","type":"post","link":"https:\/\/plazajuarez.mx\/historico\/concluye-rehabilitacion-del-tren-ecologico-en-tulancingo\/","title":{"rendered":"Concluye rehabilitaci\u00f3n del Tren Ecol\u00f3gico en Tulancingo"},"content":{"rendered":"\n<ul class=\"wp-block-list\"><li><strong>Esta semana saldr\u00e1 nuevamente a recorrido<\/strong><\/li><\/ul>\n\n\n\n<!--more-->\n\n\n\n<p><strong>Tulancingo<\/strong>.- Tras su rehabilitaci\u00f3n, el llamado \u201cTren Ecol\u00f3gico\u201d saldr\u00e1 nuevamente a llevar a cabo su a recorrido, para cumplir su encomienda de recolectar material separado en Tulancingo.<\/p>\n\n\n\n<p>Porfirio Guti\u00e9rrez D\u00edaz, director de Limpias, record\u00f3 que este equipamiento forma parte del proyecto de separaci\u00f3n y aprovechamiento integral de residuos s\u00f3lidos urbanos generados en el municipio, el cual se implementa desde hace m\u00e1s de un a\u00f1o, (empez\u00f3 sus tareas el 5 de junio de 2019).<\/p>\n\n\n\n<p>El proyecto lo conforman ejes como el social, trabajando de la mano autoridades y ciudadanos en una misma direcci\u00f3n, para la separaci\u00f3n de los desechos, resaltando que en M\u00e9xico, s\u00f3lo 26 municipios integran este esquema y Tulancingo es el n\u00famero 27.<\/p>\n\n\n\n<p>En una primera etapa, el contenedor m\u00f3vil con cuatro separadores se\u00f1alizados por colores, tuvo como colonias de implementaci\u00f3n a El Para\u00edso, El Banco y San Juan.<\/p>\n\n\n\n<p>Ahora en una segunda etapa se abarcar\u00e1 el primer cuadro de la ciudad, independientemente a la programaci\u00f3n que realiza el cami\u00f3n recolector que cubre la ruta uno.<\/p>\n\n\n\n<p>De manera inicial, el tren ecol\u00f3gico realizar\u00e1 su recorrido a partir de las 10:00 horas y dependiendo de la respuesta que se obtenga, se ajustar\u00e1 un horario espec\u00edfico.<\/p>\n\n\n\n<p>Antes de la rehabilitaci\u00f3n del tren ecol\u00f3gico, este contenedor m\u00f3vil acopiaba en cada viaje de 100 a 200 kilogramos de material como aluminio, fierro, desperdicio de electrodom\u00e9sticos as\u00ed como cart\u00f3n.<\/p>\n\n\n\n<p>Para la rehabilitaci\u00f3n del tren ecol\u00f3gico se aplicaron recursos municipales. La intervenci\u00f3n y mantenimiento era necesario pues a lo largo de un a\u00f1o de actividad, se tuvo deterioro en componentes.<\/p>\n\n\n\n<p>El primer cuadro de la ciudad, se caracteriza entre los sectores con mayor generaci\u00f3n de residuos, por ello se espera una gran participaci\u00f3n para disminuir la cantidad y volumen de desechos, favoreciendo con ello, una ciudad m\u00e1s limpia y ordenada, as\u00ed como la mejora del medio ambiente.<\/p>\n\n\n\n<p>Se inform\u00f3 que habr\u00e1 constante difusi\u00f3n respecto a los colores de se\u00f1alizaci\u00f3n del tren ecol\u00f3gico:&nbsp;<\/p>\n\n\n\n<p>Verde para residuos org\u00e1nicos.<\/p>\n\n\n\n<p>Gris para residuos inorg\u00e1nicos aprovechables.<\/p>\n\n\n\n<p>Naranja para residuos inorg\u00e1nicos no reciclables.<\/p>\n\n\n\n<p>Caf\u00e9 ser\u00e1 destinado a residuos de manejos especiales y voluminosos.<\/p>\n\n\n\n<p>El primer cuadro de la ciudad lo conforman en materia de recolecci\u00f3n las siguientes calles: Calzada 5 de Mayo, Morelos, Corregidora, Bravo, entre otras.<\/p>\n\n\n\n<p>Para mayor informaci\u00f3n respecto al tren ecol\u00f3gico,&nbsp; el tel\u00e9fono de atenci\u00f3n es 9740633 (oficina) y el celular (7751021402).<\/p>\n","protected":false},"excerpt":{"rendered":"<p>Esta semana saldr\u00e1 nuevamente a recorrido<\/p>\n","protected":false},"author":93,"featured_media":0,"comment_status":"closed","ping_status":"open","sticky":false,"template":"","format":"standard","meta":{"footnotes":""},"categories":[40],"tags":[],"class_list":["post-118417","post","type-post","status-publish","format-standard","hentry","category-region"],"_links":{"self":[{"href":"https:\/\/plazajuarez.mx\/historico\/wp-json\/wp\/v2\/posts\/118417","targetHints":{"allow":["GET"]}}],"collection":[{"href":"https:\/\/plazajuarez.mx\/historico\/wp-json\/wp\/v2\/posts"}],"about":[{"href":"https:\/\/plazajuarez.mx\/historico\/wp-json\/wp\/v2\/types\/post"}],"author":[{"embeddable":true,"href":"https:\/\/plazajuarez.mx\/historico\/wp-json\/wp\/v2\/users\/93"}],"replies":[{"embeddable":true,"href":"https:\/\/plazajuarez.mx\/historico\/wp-json\/wp\/v2\/comments?post=118417"}],"version-history":[{"count":0,"href":"https:\/\/plazajuarez.mx\/historico\/wp-json\/wp\/v2\/posts\/118417\/revisions"}],"wp:attachment":[{"href":"https:\/\/plazajuarez.mx\/historico\/wp-json\/wp\/v2\/media?parent=118417"}],"wp:term":[{"taxonomy":"category","embeddable":true,"href":"https:\/\/plazajuarez.mx\/historico\/wp-json\/wp\/v2\/categories?post=118417"},{"taxonomy":"post_tag","embeddable":true,"href":"https:\/\/plazajuarez.mx\/historico\/wp-json\/wp\/v2\/tags?post=118417"}],"curies":[{"name":"wp","href":"https:\/\/api.w.org\/{rel}","templated":true}]}}