{"id":118416,"date":"2020-06-16T06:00:00","date_gmt":"2020-06-16T11:00:00","guid":{"rendered":"https:\/\/plazajuarez.mx\/?p=118416"},"modified":"2020-06-15T19:37:38","modified_gmt":"2020-06-16T00:37:38","slug":"ayuntamiento-de-tolcayuca-reinicio-sus-actividades","status":"publish","type":"post","link":"https:\/\/plazajuarez.mx\/historico\/ayuntamiento-de-tolcayuca-reinicio-sus-actividades\/","title":{"rendered":"Ayuntamiento de Tolcayuca reinici\u00f3 sus actividades"},"content":{"rendered":"\n<ul class=\"wp-block-list\"><li><strong>Previamente se sanitizaron las instalaciones, adem\u00e1s de que su personal tambi\u00e9n debe pasar por el filtro sanitario<\/strong><\/li><\/ul>\n\n\n\n<!--more Leer MaS-->\n\n\n\n<p>El Ayuntamiento de Tolcayuca reinici\u00f3 actividades esta semana a \u201cpuertas abiertas\u201d, con un filtro sanitario para prevenir contagios de Covid-19 entre los usuarios, as\u00ed como el personal que labora en las diferentes dependencias, para brindar atenci\u00f3n a la poblaci\u00f3n para tr\u00e1mites y servicios con car\u00e1cter urgente.&nbsp;<\/p>\n\n\n\n<p>El alcalde, Humberto M\u00e9rida inform\u00f3 a partir de esta semana se retoman algunas de las actividades laborales del Ayuntamiento en su horario habitual de 09:00 a 16:00 horas; ya que durante las semanas pasadas de la contingencia sanitaria se hab\u00eda estado laborando mediante guardias y horarios especiales a puerta cerrada.&nbsp;<\/p>\n\n\n\n<p>\u201cSin embargo, la poblaci\u00f3n requiere de los servicios que se ofrecen en todas las \u00e1reas municipales, por lo que se opt\u00f3 por reabrir las instalaciones\u201d.<\/p>\n\n\n\n<p>Las medidas para el acceso al edificio de Presidencia Municipal, son: uso obligatorio de cubrebocas, guardar y respetar la sana distancia en todo momento, aplicaci\u00f3n de gel antibacterial al ingreso, toma de temperatura al acceder al inmueble; \u00fanicamente se recibe a un usuario por tr\u00e1mite.<\/p>\n\n\n\n<p>Previamente se sanitizaron todas las instalaciones, adem\u00e1s de que el personal que labora, tambi\u00e9n pasa el filtro sanitario y se revisan sus condiciones de salud, para asegurar una adecuada atenci\u00f3n al p\u00fablico.<\/p>\n\n\n\n<p>El alcalde dijo que en Hidalgo y en el municipio, a\u00fan se mantiene la alerta m\u00e1xima por la pandemia, de acuerdo a la semaforizaci\u00f3n que estableci\u00f3 el Gobierno Federal, por lo que aun esta zona se encuentra en color rojo y s\u00f3lo se pueden realizar actividades esenciales.&nbsp;<\/p>\n\n\n\n<p>Las autoridades municipales piden a tolcayuquenses seguir resguard\u00e1ndose en casa con las indicaciones de las autoridades de Salud, \u201cde no ser posible, cuando realicen actividades fuera de su hogar, lleven a cabo las recomendaciones sanitarias, en el transporte p\u00fablico, en su \u00e1rea de trabajo o cuando acudan a realizar compras\u201d.<\/p>\n","protected":false},"excerpt":{"rendered":"<p>Previamente se sanitizaron las instalaciones, adem\u00e1s de que su personal tambi\u00e9n debe pasar por el filtro sanitario<\/p>\n","protected":false},"author":78,"featured_media":0,"comment_status":"closed","ping_status":"open","sticky":false,"template":"","format":"standard","meta":{"footnotes":""},"categories":[40],"tags":[],"class_list":["post-118416","post","type-post","status-publish","format-standard","hentry","category-region"],"_links":{"self":[{"href":"https:\/\/plazajuarez.mx\/historico\/wp-json\/wp\/v2\/posts\/118416","targetHints":{"allow":["GET"]}}],"collection":[{"href":"https:\/\/plazajuarez.mx\/historico\/wp-json\/wp\/v2\/posts"}],"about":[{"href":"https:\/\/plazajuarez.mx\/historico\/wp-json\/wp\/v2\/types\/post"}],"author":[{"embeddable":true,"href":"https:\/\/plazajuarez.mx\/historico\/wp-json\/wp\/v2\/users\/78"}],"replies":[{"embeddable":true,"href":"https:\/\/plazajuarez.mx\/historico\/wp-json\/wp\/v2\/comments?post=118416"}],"version-history":[{"count":0,"href":"https:\/\/plazajuarez.mx\/historico\/wp-json\/wp\/v2\/posts\/118416\/revisions"}],"wp:attachment":[{"href":"https:\/\/plazajuarez.mx\/historico\/wp-json\/wp\/v2\/media?parent=118416"}],"wp:term":[{"taxonomy":"category","embeddable":true,"href":"https:\/\/plazajuarez.mx\/historico\/wp-json\/wp\/v2\/categories?post=118416"},{"taxonomy":"post_tag","embeddable":true,"href":"https:\/\/plazajuarez.mx\/historico\/wp-json\/wp\/v2\/tags?post=118416"}],"curies":[{"name":"wp","href":"https:\/\/api.w.org\/{rel}","templated":true}]}}